{"id":3299,"date":"2026-03-13T16:09:09","date_gmt":"2026-03-13T15:09:09","guid":{"rendered":"https:\/\/www.vienne-en-transition.fr\/?p=3299"},"modified":"2026-03-13T16:09:09","modified_gmt":"2026-03-13T15:09:09","slug":"le-sdis-et-le-college-jules-verne-au-coeur-des-discussions","status":"publish","type":"post","link":"https:\/\/www.vienne-en-transition.fr\/index.php\/2026\/03\/13\/le-sdis-et-le-college-jules-verne-au-coeur-des-discussions\/","title":{"rendered":"Le Sdis et le coll\u00e8ge Jules-Verne au c\u0153ur des discussions"},"content":{"rendered":"\n<p>Tr\u00e8s mobilis\u00e9s depuis des mois pour soutenir, d&rsquo;une part les enseignants et parents d&rsquo;\u00e9l\u00e8ves du coll\u00e8ge Jules-Verne en qu\u00eate de moyens accrus pour leur \u00e9tablissement, et d&rsquo;autre part un Sdis 86 exsangue, les \u00e9lus La Vienne en transition ont su porter l&rsquo;attention du D\u00e9partement sur ces probl\u00e9matiques.<\/p>\n\n\n\n<p><em>La Nouvelle R\u00e9publique <\/em>se faisait l&rsquo;\u00e9cho <a href=\"https:\/\/www.lanouvellerepublique.fr\/poitiers\/la-situation-du-sdis-et-du-college-de-buxerolles-suscite-l-inquietude-des-elus-du-departement-de-la-vienne-1773348491\" data-type=\"link\" data-id=\"https:\/\/www.lanouvellerepublique.fr\/poitiers\/la-situation-du-sdis-et-du-college-de-buxerolles-suscite-l-inquietude-des-elus-du-departement-de-la-vienne-1773348491\">dans son \u00e9dition du 13\u00a0mars 2026<\/a> des discussions survenues en commission permanente, la veille, sur ces deux th\u00e8mes qui ne figuraient pourtant pas \u00e0 l&rsquo;ordre du jour.<\/p>\n\n\n\n<p>Si le pr\u00e9sident du D\u00e9partement a assur\u00e9 enseignants et pompiers du soutien du D\u00e9partement, nous avons rappel\u00e9 par la voix de Ludovic Devergne et Florence Harris que ces d\u00e9clarations devaient se traduire par des actes et un v\u00e9ritable engagement. <\/p>\n\n\n\n<figure class=\"wp-block-image size-large\"><img loading=\"lazy\" decoding=\"async\" width=\"1024\" height=\"669\" src=\"https:\/\/www.vienne-en-transition.fr\/wp-content\/uploads\/2026\/03\/Extrait-NR-1024x669.png\" alt=\"\" class=\"wp-image-3302\" srcset=\"https:\/\/www.vienne-en-transition.fr\/wp-content\/uploads\/2026\/03\/Extrait-NR-1024x669.png 1024w, https:\/\/www.vienne-en-transition.fr\/wp-content\/uploads\/2026\/03\/Extrait-NR-300x196.png 300w, https:\/\/www.vienne-en-transition.fr\/wp-content\/uploads\/2026\/03\/Extrait-NR-150x98.png 150w, https:\/\/www.vienne-en-transition.fr\/wp-content\/uploads\/2026\/03\/Extrait-NR-768x502.png 768w, https:\/\/www.vienne-en-transition.fr\/wp-content\/uploads\/2026\/03\/Extrait-NR.png 1057w\" sizes=\"auto, (max-width: 1024px) 100vw, 1024px\" \/><\/figure>\n","protected":false},"excerpt":{"rendered":"<p>Tr\u00e8s mobilis\u00e9s depuis des mois pour soutenir, d&rsquo;une part les enseignants et parents d&rsquo;\u00e9l\u00e8ves du coll\u00e8ge Jules-Verne en qu\u00eate de [&hellip;]<\/p>\n","protected":false},"author":1,"featured_media":3302,"comment_status":"open","ping_status":"open","sticky":false,"template":"","format":"standard","meta":{"site-sidebar-layout":"default","site-content-layout":"","ast-site-content-layout":"","site-content-style":"default","site-sidebar-style":"default","ast-global-header-display":"","ast-banner-title-visibility":"","ast-main-header-display":"","ast-hfb-above-header-display":"","ast-hfb-below-header-display":"","ast-hfb-mobile-header-display":"","site-post-title":"","ast-breadcrumbs-content":"","ast-featured-img":"","footer-sml-layout":"","theme-transparent-header-meta":"","adv-header-id-meta":"","stick-header-meta":"","header-above-stick-meta":"","header-main-stick-meta":"","header-below-stick-meta":"","astra-migrate-meta-layouts":"default","ast-page-background-enabled":"default","ast-page-background-meta":{"desktop":{"background-color":"var(--ast-global-color-5)","background-image":"","background-repeat":"repeat","background-position":"center center","background-size":"auto","background-attachment":"scroll","background-type":"","background-media":"","overlay-type":"","overlay-color":"","overlay-opacity":"","overlay-gradient":""},"tablet":{"background-color":"","background-image":"","background-repeat":"repeat","background-position":"center center","background-size":"auto","background-attachment":"scroll","background-type":"","background-media":"","overlay-type":"","overlay-color":"","overlay-opacity":"","overlay-gradient":""},"mobile":{"background-color":"","background-image":"","background-repeat":"repeat","background-position":"center center","background-size":"auto","background-attachment":"scroll","background-type":"","background-media":"","overlay-type":"","overlay-color":"","overlay-opacity":"","overlay-gradient":""}},"ast-content-background-meta":{"desktop":{"background-color":"var(--ast-global-color-4)","background-image":"","background-repeat":"repeat","background-position":"center center","background-size":"auto","background-attachment":"scroll","background-type":"","background-media":"","overlay-type":"","overlay-color":"","overlay-opacity":"","overlay-gradient":""},"tablet":{"background-color":"var(--ast-global-color-4)","background-image":"","background-repeat":"repeat","background-position":"center center","background-size":"auto","background-attachment":"scroll","background-type":"","background-media":"","overlay-type":"","overlay-color":"","overlay-opacity":"","overlay-gradient":""},"mobile":{"background-color":"var(--ast-global-color-4)","background-image":"","background-repeat":"repeat","background-position":"center center","background-size":"auto","background-attachment":"scroll","background-type":"","background-media":"","overlay-type":"","overlay-color":"","overlay-opacity":"","overlay-gradient":""}},"footnotes":""},"categories":[71,72],"tags":[104,103,102,101,90,89,78],"class_list":["post-3299","post","type-post","status-publish","format-standard","has-post-thumbnail","hentry","category-lapressenparle","category-poitiers-2","tag-buxerolles","tag-college-jules-verne","tag-florence-harris","tag-ludovic-devergne","tag-pompiers","tag-sdis","tag-vienne"],"_links":{"self":[{"href":"https:\/\/www.vienne-en-transition.fr\/index.php\/wp-json\/wp\/v2\/posts\/3299","targetHints":{"allow":["GET"]}}],"collection":[{"href":"https:\/\/www.vienne-en-transition.fr\/index.php\/wp-json\/wp\/v2\/posts"}],"about":[{"href":"https:\/\/www.vienne-en-transition.fr\/index.php\/wp-json\/wp\/v2\/types\/post"}],"author":[{"embeddable":true,"href":"https:\/\/www.vienne-en-transition.fr\/index.php\/wp-json\/wp\/v2\/users\/1"}],"replies":[{"embeddable":true,"href":"https:\/\/www.vienne-en-transition.fr\/index.php\/wp-json\/wp\/v2\/comments?post=3299"}],"version-history":[{"count":4,"href":"https:\/\/www.vienne-en-transition.fr\/index.php\/wp-json\/wp\/v2\/posts\/3299\/revisions"}],"predecessor-version":[{"id":3304,"href":"https:\/\/www.vienne-en-transition.fr\/index.php\/wp-json\/wp\/v2\/posts\/3299\/revisions\/3304"}],"wp:featuredmedia":[{"embeddable":true,"href":"https:\/\/www.vienne-en-transition.fr\/index.php\/wp-json\/wp\/v2\/media\/3302"}],"wp:attachment":[{"href":"https:\/\/www.vienne-en-transition.fr\/index.php\/wp-json\/wp\/v2\/media?parent=3299"}],"wp:term":[{"taxonomy":"category","embeddable":true,"href":"https:\/\/www.vienne-en-transition.fr\/index.php\/wp-json\/wp\/v2\/categories?post=3299"},{"taxonomy":"post_tag","embeddable":true,"href":"https:\/\/www.vienne-en-transition.fr\/index.php\/wp-json\/wp\/v2\/tags?post=3299"}],"curies":[{"name":"wp","href":"https:\/\/api.w.org\/{rel}","templated":true}]}}