{"id":3267,"date":"2026-03-18T12:36:36","date_gmt":"2026-03-18T11:36:36","guid":{"rendered":"https:\/\/www.vienne-en-transition.fr\/?p=3267"},"modified":"2026-03-18T12:41:41","modified_gmt":"2026-03-18T11:41:41","slug":"commission-permanente-du-12-mars-2026-la-securite-des-habitants-doit-etre-la-priorite-du-departement","status":"publish","type":"post","link":"https:\/\/www.vienne-en-transition.fr\/index.php\/2026\/03\/18\/commission-permanente-du-12-mars-2026-la-securite-des-habitants-doit-etre-la-priorite-du-departement\/","title":{"rendered":"Commission permanente du 12 mars 2026 : \u00ab\u00a0La s\u00e9curit\u00e9 des habitants doit \u00eatre la priorit\u00e9 du D\u00e9partement\u00a0\u00bb"},"content":{"rendered":"\n<pre class=\"wp-block-verse\">Suite \u00e0 nos interventions \u00e0 ce sujet, les \u00e9lus d\u00e9partementaux, r\u00e9unis en commission permanente jeudi 12 mars 2026, ont fait \u00e9tat d'un soutien appuy\u00e9 aux \u00e9quipes du coll\u00e8ge Jules-Verne ainsi qu'aux pompiers de la Vienne.<\/pre>\n\n\n\n<p>Peu de sujets figurant \u00e0 l&rsquo;ordre du jour de cette s\u00e9ance concernaient sp\u00e9cifiquement les \u00e9lus du groupe. En revanche, le long propos liminaire du pr\u00e9sident du conseil d\u00e9partemental, Alain Pichon, a d\u00e9montr\u00e9 que les r\u00e9centes mobilisations des conseillers d\u00e9partementaux La Vienne en transition ne sont pas pass\u00e9es inaper\u00e7ues.<\/p>\n\n\n\n<p>Les \u00e9lus du groupe se sont rendus \u00e0 plusieurs reprises au coll\u00e8ge Jules-Verne de Buxerolles, pour y soutenir l&rsquo;\u00e9quipe \u00e9ducative qui r\u00e9clame plus de moyens ; et ont pris position sur le sujet [<a href=\"https:\/\/www.vienne-en-transition.fr\/wp-content\/uploads\/2026\/03\/Communique-baisse-de-la-DGH-Jules-Verne.pdf\" data-type=\"link\" data-id=\"https:\/\/www.vienne-en-transition.fr\/wp-content\/uploads\/2026\/03\/Communique-baisse-de-la-DGH-Jules-Verne.pdf\">lire notre communiqu\u00e9<\/a>]. Bien qu&rsquo;ayant d\u00e9clin\u00e9 notre proposition de vote d&rsquo;une motion de soutien au coll\u00e8ge Jules-Verne (\u00ab\u00a0<em>pour des raisons de comp\u00e9tences<\/em>\u00ab\u00a0), Alain Pichon a confirm\u00e9 \u00ab\u00a0<em>le manque de coh\u00e9rence de cette baisse de moyen<\/em>\u00ab\u00a0, et affirm\u00e9 au nom de la majorit\u00e9 de droite du D\u00e9partement, \u00ab\u00a0<em>tout [leur] soutien concernant les besoins du coll\u00e8ge Jules-Verne<\/em>\u00ab\u00a0.<\/p>\n\n\n\n<p>L&rsquo;\u00e9lu a ensuite \u00e9voqu\u00e9 la situation du Sdis 86 (Service d\u00e9partemental d&rsquo;incendie et de secours de la Vienne), dont nous fustigeons r\u00e9guli\u00e8rement le sous-financement par le D\u00e9partement (<a href=\"https:\/\/www.vienne-en-transition.fr\/index.php\/2026\/02\/18\/nous-alertons-sur-la-situation-du-sdis\/\" data-type=\"link\" data-id=\"https:\/\/www.vienne-en-transition.fr\/index.php\/2026\/02\/18\/nous-alertons-sur-la-situation-du-sdis\/\">lire ici<\/a>). Indiquant qu&rsquo;il pensait que \u00ab\u00a0<em>le financement des Sdis [allait] dans le mur partout en France<\/em>\u00ab\u00a0, il a annonc\u00e9 qu&rsquo;il proposerait \u00ab\u00a0<em>que le D\u00e9partement augmente sa participation au financement du Sdis<\/em>\u00ab\u00a0. Une annonce de \u00ab\u00a0rallonge\u00a0\u00bb \u00e9tait d\u00e9j\u00e0 dans l&rsquo;air depuis la r\u00e9daction de la convention triennale de financement, et nous serons particuli\u00e8rement vigilants \u00e0 ce que les mesures de rectification prises soient \u00e0 la hauteur de l&rsquo;enjeu.<\/p>\n\n\n\n<figure class=\"wp-block-image size-large\"><img loading=\"lazy\" decoding=\"async\" width=\"1024\" height=\"683\" src=\"https:\/\/www.vienne-en-transition.fr\/wp-content\/uploads\/2026\/03\/groupe-12032026-1024x683.jpg\" alt=\"\" class=\"wp-image-3274\" srcset=\"https:\/\/www.vienne-en-transition.fr\/wp-content\/uploads\/2026\/03\/groupe-12032026-1024x683.jpg 1024w, https:\/\/www.vienne-en-transition.fr\/wp-content\/uploads\/2026\/03\/groupe-12032026-300x200.jpg 300w, https:\/\/www.vienne-en-transition.fr\/wp-content\/uploads\/2026\/03\/groupe-12032026-150x100.jpg 150w, https:\/\/www.vienne-en-transition.fr\/wp-content\/uploads\/2026\/03\/groupe-12032026-768x512.jpg 768w, https:\/\/www.vienne-en-transition.fr\/wp-content\/uploads\/2026\/03\/groupe-12032026-1536x1024.jpg 1536w, https:\/\/www.vienne-en-transition.fr\/wp-content\/uploads\/2026\/03\/groupe-12032026-2048x1365.jpg 2048w\" sizes=\"auto, (max-width: 1024px) 100vw, 1024px\" \/><\/figure>\n\n\n\n<blockquote class=\"wp-block-quote is-layout-flow wp-block-quote-is-layout-flow\">\n<p>\u00ab\u00a0Ce seraient des heures vol\u00e9es aux enfants\u00a0\u00bb<br><em>Ludovic Devergne<\/em><\/p>\n<\/blockquote>\n\n\n\n<p>Ludovic Devergne a remerci\u00e9 le pr\u00e9sident du D\u00e9partement pour sa prise de position en faveur du coll\u00e8ge Jules-Verne et rappel\u00e9 tous les indicateurs montrant les besoins sp\u00e9cifiques de ses \u00e9l\u00e8ves. \u00ab\u00a0<em>On est dans une aberration absolue, <\/em>a-t-il affirm\u00e9. <em>Des heures seraient vol\u00e9es aux enfants si cette d\u00e9cision [de diminution de la dotation horaire globale de l&rsquo;\u00e9tablissement] \u00e9tait maintenue. Le conseil d&rsquo;administration du coll\u00e8ge a rejet\u00e9 par deux fois cette DHG, ce qui est rare. Pourquoi les enfants issus des milieux les plus d\u00e9favoris\u00e9s n&rsquo;auraient-ils pas acc\u00e8s au latin, au grec, au chinois ?<\/em>\u00a0\u00bb Rappelant que le conseil d\u00e9partemental avait vot\u00e9 une modification de la carte scolaire ayant permis d&rsquo;augmenter la mixit\u00e9 sociale au sein de ce coll\u00e8ge, Ludovic Devergne a estim\u00e9 que le rectorat allait \u00ab\u00a0<em>\u00e0 l&rsquo;encontre de cette d\u00e9cision, prise ici, \u00e0 l&rsquo;unanimit\u00e9<\/em>\u00ab\u00a0. Avant d&rsquo;inviter le pr\u00e9sident Pichon et les autres conseillers de la majorit\u00e9 \u00e0 rendre visite, \u00e0 leur tour, aux \u00e9quipes \u00e9ducatives et aux parents d&rsquo;\u00e9l\u00e8ves.<\/p>\n\n\n\n<blockquote class=\"wp-block-quote is-layout-flow wp-block-quote-is-layout-flow\">\n<p>\u00ab\u00a0Le secours aux habitants doit \u00eatre prioritaire sur tout le reste\u00a0\u00bb<br><em>Ludovic Devergne<\/em><\/p>\n<\/blockquote>\n\n\n\n<p>Concernant le Sdis, le conseiller du canton de Poitiers&nbsp;2 s&rsquo;est montr\u00e9 tr\u00e8s incisif envers ses homologues de droite : \u00ab\u00a0<em>Vous dites que tous les Sdis en France sont en grande difficult\u00e9 de financement. C&rsquo;est vrai. Mais notre D\u00e9partement a choisi d&rsquo;appliquer l&rsquo;un des plus faibles niveau de financement par habitant en France&nbsp;! Il n&rsquo;est pas normal qu&rsquo;on impose des pertes de chance aux habitants de la Vienne, et que les d\u00e9lais d&rsquo;intervention soient de 25 minutes dans certains secteurs et de 15 minutes dans d&rsquo;autres. Le secours aux habitants doit \u00eatre prioritaire sur tout le reste. Alors, o\u00f9 trouver cet argent&nbsp;? Je me permets une boutade : En vendant le ch\u00e2teau, peut-\u00eatre <\/em>?\u00a0\u00bb<\/p>\n\n\n\n<h2 class=\"wp-block-heading\">D\u00e9lib\u00e9ration n\u00b0&nbsp;1 : Financement de la Manufacture de l&rsquo;eau<\/h2>\n\n\n\n<p>Le premier point figurant \u00e0 l&rsquo;ordre du jour \u00e9tait d\u00e9di\u00e9 au subventionnement de la construction d&rsquo;une usine de traitement des eaux baptis\u00e9e \u00ab\u00a0La manufacture des eaux\u00a0\u00bb, \u00e0 Naintr\u00e9. Un projet dont le co\u00fbt a explos\u00e9 et que le D\u00e9partement renonce donc \u00e0 financer \u00e0 20&nbsp;% comme initialement pr\u00e9vu. Gr\u00e9gory Vouh\u00e9, membre de la commission Climat et D\u00e9veloppement durable travaillant sur ce dossier, a donc pris la parole : \u00ab\u00a0<em>Puisque le projet int\u00e8gre, je cite, \u00ab les probl\u00e9matiques des pesticides \u00bb, il faudrait faire supporter ces co\u00fbts exorbitants aux pollueurs, selon le principe pollueur-payeur<\/em>\u00ab\u00a0.<\/p>\n\n\n\n<figure class=\"wp-block-image size-large\"><img loading=\"lazy\" decoding=\"async\" width=\"819\" height=\"1024\" src=\"https:\/\/www.vienne-en-transition.fr\/wp-content\/uploads\/2026\/03\/Gregory-CoPer-13032026-819x1024.jpeg\" alt=\"\" class=\"wp-image-3296\" srcset=\"https:\/\/www.vienne-en-transition.fr\/wp-content\/uploads\/2026\/03\/Gregory-CoPer-13032026-819x1024.jpeg 819w, https:\/\/www.vienne-en-transition.fr\/wp-content\/uploads\/2026\/03\/Gregory-CoPer-13032026-240x300.jpeg 240w, https:\/\/www.vienne-en-transition.fr\/wp-content\/uploads\/2026\/03\/Gregory-CoPer-13032026-120x150.jpeg 120w, https:\/\/www.vienne-en-transition.fr\/wp-content\/uploads\/2026\/03\/Gregory-CoPer-13032026-768x960.jpeg 768w, https:\/\/www.vienne-en-transition.fr\/wp-content\/uploads\/2026\/03\/Gregory-CoPer-13032026-1229x1536.jpeg 1229w, https:\/\/www.vienne-en-transition.fr\/wp-content\/uploads\/2026\/03\/Gregory-CoPer-13032026-1638x2048.jpeg 1638w, https:\/\/www.vienne-en-transition.fr\/wp-content\/uploads\/2026\/03\/Gregory-CoPer-13032026-scaled.jpeg 2048w\" sizes=\"auto, (max-width: 819px) 100vw, 819px\" \/><\/figure>\n\n\n\n<blockquote class=\"wp-block-quote is-layout-flow wp-block-quote-is-layout-flow\">\n<p>\u00ab\u00a0Les traitements de l&rsquo;eau sont faits avec des produits qui ont un risque pour la population, comme on nous l&rsquo;a dit en commission.\u00a0\u00bb<br><em>Gr\u00e9gory Vouh\u00e9<\/em><\/p>\n<\/blockquote>\n\n\n\n<p>Constatant l&rsquo;\u00e9chec du D\u00e9partement \u00e0 pr\u00e9server la qualit\u00e9 de la ressource en eau potable, il a indiqu\u00e9 qu&rsquo;il serait n\u00e9cessaire d&rsquo;effectuer \u00ab\u00a0<em>un forage exceptionnellement profond pour pr\u00e9lever l\u2019eau \u00e0 300 m\u00e8tres de profondeur, dans une nappe moins pollu\u00e9e<\/em>\u00ab\u00a0. Et par cons\u00e9quent r\u00e9clam\u00e9 l&rsquo;interdiction des \u00ab\u00a0<em>intrants, fongicides et pesticides sur les zones de captage, autrement dit d\u2019arr\u00eater d\u2019empoisonner les sols et l&rsquo;eau.<br>On ne peut pas continuer \u00e0 jouer comme on l&rsquo;a fait depuis des ann\u00e9es avec la sant\u00e9 des habitants du d\u00e9partement, qui doit \u00eatre une priorit\u00e9 absolue<\/em>\u00ab\u00a0.<\/p>\n\n\n\n<figure class=\"wp-block-image size-large\"><img loading=\"lazy\" decoding=\"async\" width=\"743\" height=\"1024\" src=\"https:\/\/www.vienne-en-transition.fr\/wp-content\/uploads\/2026\/03\/GV-CP-12-03-26-EAU_page-0001-743x1024.jpg\" alt=\"\" class=\"wp-image-3288\" srcset=\"https:\/\/www.vienne-en-transition.fr\/wp-content\/uploads\/2026\/03\/GV-CP-12-03-26-EAU_page-0001-743x1024.jpg 743w, https:\/\/www.vienne-en-transition.fr\/wp-content\/uploads\/2026\/03\/GV-CP-12-03-26-EAU_page-0001-218x300.jpg 218w, https:\/\/www.vienne-en-transition.fr\/wp-content\/uploads\/2026\/03\/GV-CP-12-03-26-EAU_page-0001-109x150.jpg 109w, https:\/\/www.vienne-en-transition.fr\/wp-content\/uploads\/2026\/03\/GV-CP-12-03-26-EAU_page-0001-768x1059.jpg 768w, https:\/\/www.vienne-en-transition.fr\/wp-content\/uploads\/2026\/03\/GV-CP-12-03-26-EAU_page-0001.jpg 1025w\" sizes=\"auto, (max-width: 743px) 100vw, 743px\" \/><\/figure>\n\n\n\n<h2 class=\"wp-block-heading\">D\u00e9lib\u00e9rations n\u00b0&nbsp;36 et 37 : Financements aux coll\u00e8ges priv\u00e9s<\/h2>\n\n\n\n<p>Enfin, Florence Harris, comme \u00e0 son habitude, s&rsquo;est abstenue sur les d\u00e9lib\u00e9rations touchant au financement des coll\u00e8ges priv\u00e9s par le D\u00e9partement. Avant d&rsquo;expliquer son choix comme suit.<\/p>\n\n\n\n<figure class=\"wp-block-image size-large\"><img loading=\"lazy\" decoding=\"async\" width=\"683\" height=\"1024\" src=\"https:\/\/www.vienne-en-transition.fr\/wp-content\/uploads\/2026\/03\/DSC9467-683x1024.jpg\" alt=\"\" class=\"wp-image-3297\" srcset=\"https:\/\/www.vienne-en-transition.fr\/wp-content\/uploads\/2026\/03\/DSC9467-683x1024.jpg 683w, https:\/\/www.vienne-en-transition.fr\/wp-content\/uploads\/2026\/03\/DSC9467-200x300.jpg 200w, https:\/\/www.vienne-en-transition.fr\/wp-content\/uploads\/2026\/03\/DSC9467-100x150.jpg 100w, https:\/\/www.vienne-en-transition.fr\/wp-content\/uploads\/2026\/03\/DSC9467-768x1152.jpg 768w, https:\/\/www.vienne-en-transition.fr\/wp-content\/uploads\/2026\/03\/DSC9467-1024x1536.jpg 1024w, https:\/\/www.vienne-en-transition.fr\/wp-content\/uploads\/2026\/03\/DSC9467-1365x2048.jpg 1365w, https:\/\/www.vienne-en-transition.fr\/wp-content\/uploads\/2026\/03\/DSC9467-scaled.jpg 1707w\" sizes=\"auto, (max-width: 683px) 100vw, 683px\" \/><\/figure>\n\n\n\n<p>\u00ab\u00a0<em>Monsieur le Pr\u00e9sident, cher\u00b7es coll\u00e8gues,<br>Je m\u2019abstiendrai sur ces subventions \u00e0 l\u2019enseignement priv\u00e9.<br>Je veux d\u2019abord rappeler la situation du coll\u00e8ge Jules-Verne de Buxerolles, class\u00e9 en REP, qui accueille des \u00e9l\u00e8ves parmi les plus modestes et qui va pourtant perdre des heures d\u2019enseignement. Notre groupe avait propos\u00e9 une motion de soutien aux \u00e9quipes \u00e9ducatives et aux parents d\u2019\u00e9l\u00e8ves mobilis\u00e9\u00b7es ; motion que vous avez refus\u00e9 de soumettre au vote de notre assembl\u00e9e.<br>Cette situation s\u2019inscrit d\u2019ailleurs dans une dynamique nationale marqu\u00e9e par des choix budg\u00e9taires qui fragilisent le service public de l\u2019\u00e9ducation : moins de moyens, des enseignant\u00b7es moins remplac\u00e9\u00b7es et des dotations horaires globales qui diminuent dans de nombreux coll\u00e8ges.<br>Dans un tel contexte, je consid\u00e8re que le D\u00e9partement devrait jouer un r\u00f4le de contrepoids et affirmer clairement son soutien au service public de l\u2019\u00e9ducation.<br>D\u2019autant que l\u2019enseignement priv\u00e9 est largement financ\u00e9 par de l\u2019argent public : environ 73 % de ses ressources proviennent de financements publics.<\/em><\/p>\n\n\n\n<p><em>Or ces \u00e9tablissements accueillent proportionnellement beaucoup plus d\u2019\u00e9l\u00e8ves tr\u00e8s favoris\u00e9\u00b7es \u2014 40 % contre 20 % dans les coll\u00e8ges publics \u2014 et cet \u00e9cart ne cesse de se creuser au fil des ann\u00e9es.<\/em><\/p>\n\n\n\n<p><em>Dans ces conditions, on peut l\u00e9gitimement se demander si ces \u00e9tablissements, qui accueillent majoritairement des publics favoris\u00e9s, ont r\u00e9ellement besoin de financements publics suppl\u00e9mentaires.<br>C\u2019est pour ces raisons que je m\u2019abstiens.<\/em>\u00ab\u00a0<\/p>\n\n\n\n<p><\/p>\n","protected":false},"excerpt":{"rendered":"<p>Les \u00e9lus La Vienne en Transition au conseil d\u00e9partemental ont d\u00e9fendu avec force les moyens allou\u00e9s \u00e0 l&rsquo;\u00e9ducation prioritaire et aux services d&rsquo;incendie et de secours, et rappel\u00e9 la n\u00e9cessit\u00e9 de prot\u00e9ger la ressource en eau.<\/p>\n","protected":false},"author":1,"featured_media":3274,"comment_status":"open","ping_status":"open","sticky":false,"template":"","format":"standard","meta":{"site-sidebar-layout":"default","site-content-layout":"","ast-site-content-layout":"","site-content-style":"default","site-sidebar-style":"default","ast-global-header-display":"","ast-banner-title-visibility":"","ast-main-header-display":"","ast-hfb-above-header-display":"","ast-hfb-below-header-display":"","ast-hfb-mobile-header-display":"","site-post-title":"","ast-breadcrumbs-content":"","ast-featured-img":"","footer-sml-layout":"","theme-transparent-header-meta":"","adv-header-id-meta":"","stick-header-meta":"","header-above-stick-meta":"","header-main-stick-meta":"","header-below-stick-meta":"","astra-migrate-meta-layouts":"default","ast-page-background-enabled":"default","ast-page-background-meta":{"desktop":{"background-color":"var(--ast-global-color-5)","background-image":"","background-repeat":"repeat","background-position":"center center","background-size":"auto","background-attachment":"scroll","background-type":"","background-media":"","overlay-type":"","overlay-color":"","overlay-opacity":"","overlay-gradient":""},"tablet":{"background-color":"","background-image":"","background-repeat":"repeat","background-position":"center center","background-size":"auto","background-attachment":"scroll","background-type":"","background-media":"","overlay-type":"","overlay-color":"","overlay-opacity":"","overlay-gradient":""},"mobile":{"background-color":"","background-image":"","background-repeat":"repeat","background-position":"center center","background-size":"auto","background-attachment":"scroll","background-type":"","background-media":"","overlay-type":"","overlay-color":"","overlay-opacity":"","overlay-gradient":""}},"ast-content-background-meta":{"desktop":{"background-color":"var(--ast-global-color-4)","background-image":"","background-repeat":"repeat","background-position":"center center","background-size":"auto","background-attachment":"scroll","background-type":"","background-media":"","overlay-type":"","overlay-color":"","overlay-opacity":"","overlay-gradient":""},"tablet":{"background-color":"var(--ast-global-color-4)","background-image":"","background-repeat":"repeat","background-position":"center center","background-size":"auto","background-attachment":"scroll","background-type":"","background-media":"","overlay-type":"","overlay-color":"","overlay-opacity":"","overlay-gradient":""},"mobile":{"background-color":"var(--ast-global-color-4)","background-image":"","background-repeat":"repeat","background-position":"center center","background-size":"auto","background-attachment":"scroll","background-type":"","background-media":"","overlay-type":"","overlay-color":"","overlay-opacity":"","overlay-gradient":""}},"footnotes":""},"categories":[40,69],"tags":[103,107,106,102,105,101,109,108,90,89],"class_list":["post-3267","post","type-post","status-publish","format-standard","has-post-thumbnail","hentry","category-nos-interventions","category-nos-interventions-en-seances","tag-college-jules-verne","tag-depollution","tag-eau-potable","tag-florence-harris","tag-gregory-vouhe","tag-ludovic-devergne","tag-naintre","tag-pesticides","tag-pompiers","tag-sdis"],"_links":{"self":[{"href":"https:\/\/www.vienne-en-transition.fr\/index.php\/wp-json\/wp\/v2\/posts\/3267","targetHints":{"allow":["GET"]}}],"collection":[{"href":"https:\/\/www.vienne-en-transition.fr\/index.php\/wp-json\/wp\/v2\/posts"}],"about":[{"href":"https:\/\/www.vienne-en-transition.fr\/index.php\/wp-json\/wp\/v2\/types\/post"}],"author":[{"embeddable":true,"href":"https:\/\/www.vienne-en-transition.fr\/index.php\/wp-json\/wp\/v2\/users\/1"}],"replies":[{"embeddable":true,"href":"https:\/\/www.vienne-en-transition.fr\/index.php\/wp-json\/wp\/v2\/comments?post=3267"}],"version-history":[{"count":29,"href":"https:\/\/www.vienne-en-transition.fr\/index.php\/wp-json\/wp\/v2\/posts\/3267\/revisions"}],"predecessor-version":[{"id":3307,"href":"https:\/\/www.vienne-en-transition.fr\/index.php\/wp-json\/wp\/v2\/posts\/3267\/revisions\/3307"}],"wp:featuredmedia":[{"embeddable":true,"href":"https:\/\/www.vienne-en-transition.fr\/index.php\/wp-json\/wp\/v2\/media\/3274"}],"wp:attachment":[{"href":"https:\/\/www.vienne-en-transition.fr\/index.php\/wp-json\/wp\/v2\/media?parent=3267"}],"wp:term":[{"taxonomy":"category","embeddable":true,"href":"https:\/\/www.vienne-en-transition.fr\/index.php\/wp-json\/wp\/v2\/categories?post=3267"},{"taxonomy":"post_tag","embeddable":true,"href":"https:\/\/www.vienne-en-transition.fr\/index.php\/wp-json\/wp\/v2\/tags?post=3267"}],"curies":[{"name":"wp","href":"https:\/\/api.w.org\/{rel}","templated":true}]}}