{"id":3078,"date":"2025-12-08T14:41:57","date_gmt":"2025-12-08T13:41:57","guid":{"rendered":"https:\/\/www.vienne-en-transition.fr\/?p=3078"},"modified":"2025-12-15T15:44:31","modified_gmt":"2025-12-15T14:44:31","slug":"nos-interventions-lors-de-la-derniere-commission-permanente","status":"publish","type":"post","link":"https:\/\/www.vienne-en-transition.fr\/index.php\/2025\/12\/08\/nos-interventions-lors-de-la-derniere-commission-permanente\/","title":{"rendered":"Nos interventions lors de la derni\u00e8re commission permanente"},"content":{"rendered":"\n<pre class=\"wp-block-verse\"><strong>Jeudi 27 novembre s'est tenue la derni\u00e8re commission permanente du conseil d\u00e9partemental de la Vienne pour l'ann\u00e9e 2025.<br>Nous sommes intervenus \u00e0 de nombreuses reprises pour mettre en cause les choix de la majorit\u00e9.<\/strong><\/pre>\n\n\n\n<p><strong>Propos liminaires<\/strong><\/p>\n\n\n\n<p>D\u00e8s les propos liminaires, Ludovic Devergne a \u00e9voqu\u00e9 la mobilisation le jour-m\u00eame des enseignants et parents d&rsquo;\u00e9l\u00e8ves du coll\u00e8ge Jules-Verne, \u00e0 Buxerolles, pour l&rsquo;int\u00e9gration de l&rsquo;\u00e9tablissement au dispositif Rep + (R\u00e9seau d&rsquo;\u00e9ducation prioritaire). Le conseiller d\u00e9partemental de Poitiers\u00a02 a demand\u00e9 au pr\u00e9sident de se joindre aux \u00e9lus <em>La Vienne en transition<\/em> pour soutenir cette d\u00e9marche. Le classement Rep\u00a0+ permettrait d&rsquo;obtenir plus de moyens pour un coll\u00e8ge dont les indicateurs socio-\u00e9conomiques sont parmi les plus p\u00e9nalisants de l&rsquo;acad\u00e9mie.<\/p>\n\n\n\n<blockquote class=\"wp-block-quote is-layout-flow wp-block-quote-is-layout-flow\">\n<p>\u00ab\u00a0Monsieur le pr\u00e9sident, allez-vous soutenir les enseignants et les parents de Jules-Verne qui demandent le passage du coll\u00e8ge en Rep\u00a0+\u00a0?\u00a0\u00bb<br><em>Ludovic Devergne<\/em><\/p>\n<\/blockquote>\n\n\n\n<p>Manifestement pas pr\u00e9par\u00e9 \u00e0 cette question, Alain Pichon a d\u00fb s&rsquo;y reprendre \u00e0 trois fois pour formuler un avis, qui n&rsquo;\u00e9tait pas un soutien : la demande de l&rsquo;\u00e9quipe \u00e9ducative \u00a0\u00bb\u00a0<em>est\u00a0l\u00e9gitime<\/em>\u00a0\u00ab\u00a0, mais il pr\u00e9f\u00e8re demander la r\u00e9vision des crit\u00e8res de classement.<\/p>\n\n\n\n<figure class=\"wp-block-image size-large is-resized\"><img loading=\"lazy\" decoding=\"async\" width=\"814\" height=\"1024\" src=\"https:\/\/www.vienne-en-transition.fr\/wp-content\/uploads\/2025\/12\/DSC6584-814x1024.jpg\" alt=\"\" class=\"wp-image-3099\" style=\"width:442px;height:auto\" srcset=\"https:\/\/www.vienne-en-transition.fr\/wp-content\/uploads\/2025\/12\/DSC6584-814x1024.jpg 814w, https:\/\/www.vienne-en-transition.fr\/wp-content\/uploads\/2025\/12\/DSC6584-239x300.jpg 239w, https:\/\/www.vienne-en-transition.fr\/wp-content\/uploads\/2025\/12\/DSC6584-768x966.jpg 768w, https:\/\/www.vienne-en-transition.fr\/wp-content\/uploads\/2025\/12\/DSC6584-1221x1536.jpg 1221w, https:\/\/www.vienne-en-transition.fr\/wp-content\/uploads\/2025\/12\/DSC6584-1628x2048.jpg 1628w, https:\/\/www.vienne-en-transition.fr\/wp-content\/uploads\/2025\/12\/DSC6584-scaled.jpg 2035w\" sizes=\"auto, (max-width: 814px) 100vw, 814px\" \/><\/figure>\n\n\n\n<p>C&rsquo;est ensuite Gr\u00e9gory Vouh\u00e9 qui a pris la parole pour remarquer qu&rsquo;une fois encore, il n&rsquo;avait pas \u00e9t\u00e9 invit\u00e9 \u00e0 un \u00e9v\u00e9nement organis\u00e9 par le conseil d\u00e9partemental et se d\u00e9roulant sur son canton : la visite de la ministre de la Culture Rachida Dati \u00e0 l&rsquo;\u00e9glise Notre-Dame-la-Grande. Une omission d&rsquo;autant plus critiquable que le Gr\u00e9gory Vouh\u00e9 est \u00e9galement membre de la commission Culture.<\/p>\n\n\n\n<figure class=\"wp-block-image size-large is-resized\"><img loading=\"lazy\" decoding=\"async\" width=\"957\" height=\"1024\" src=\"https:\/\/www.vienne-en-transition.fr\/wp-content\/uploads\/2025\/12\/GV-CP-27-11-25-Invit_page-0001-1-957x1024.jpg\" alt=\"\" class=\"wp-image-3095\" style=\"width:750px;height:auto\" srcset=\"https:\/\/www.vienne-en-transition.fr\/wp-content\/uploads\/2025\/12\/GV-CP-27-11-25-Invit_page-0001-1-957x1024.jpg 957w, https:\/\/www.vienne-en-transition.fr\/wp-content\/uploads\/2025\/12\/GV-CP-27-11-25-Invit_page-0001-1-280x300.jpg 280w, https:\/\/www.vienne-en-transition.fr\/wp-content\/uploads\/2025\/12\/GV-CP-27-11-25-Invit_page-0001-1-768x821.jpg 768w, https:\/\/www.vienne-en-transition.fr\/wp-content\/uploads\/2025\/12\/GV-CP-27-11-25-Invit_page-0001-1.jpg 1050w\" sizes=\"auto, (max-width: 957px) 100vw, 957px\" \/><\/figure>\n\n\n\n<p>Enfin, Florence Harris a rappel\u00e9, deux jours apr\u00e8s la Journ\u00e9e internationale pour l&rsquo;\u00e9limination des violences faites aux femmes, l&rsquo;\u00e9tat des lieux catastrophique dans la Vienne : en 2024, 1 032 victimes de violences conjugales ont \u00e9t\u00e9 recens\u00e9es entre janvier et octobre, en hausse de 13,5 % en zone gendarmerie et 5,7 % en zone police. 81 % sont des femmes. En 2025, deux f\u00e9minicides ont frapp\u00e9 la Vienne : deux femmes qui avaient alert\u00e9, qui se savaient en danger, et qui n\u2019ont pas \u00e9t\u00e9 prot\u00e9g\u00e9es \u00e0 temps.<\/p>\n\n\n\n<p>\u00a0\u00bb\u00a0<em>Le 13 janvier, le D\u00e9partement a sign\u00e9 le protocole f\u00e9minicide, qui organise la prise en charge des enfants apr\u00e8s un homicide conjugal. C\u2019est indispensable\u2026 mais c\u2019est apr\u00e8s l\u2019irr\u00e9parable.<br>En amont, les moyens ne suivent pas.<\/em><br><em>Les intervenants sociaux en commissariat et gendarmerie sont utiles, mais ils interviennent sur toutes les violences, et ce ne sont pas des postes d\u00e9di\u00e9s aux femmes victimes.<\/em><\/p>\n\n\n\n<p><em>Le seul poste sp\u00e9cifiquement consacr\u00e9 aux violences conjugales \u2014 celui qui doit coordonner nos cinq r\u00e9seaux \u2014 est financ\u00e9 \u00e0 97,6\u00a0% par l\u2019\u00c9tat et l\u2019Europe : 3\u00a0000 \u20ac\u00a0du D\u00e9partement, sur un projet de 125\u00a0000\u00a0\u20ac.<\/em><br><em>Dans le m\u00eame temps, le CIDFF, qui accompagne les victimes, voit ses subventions passer de 44\u00a0000\u00a0\u20ac en 2024 \u00e0 30\u00a0800\u00a0\u20ac en 2025. Le Planning familial passe de 500 \u20ac \u00e0 0 \u20ac.<\/em><br><em>Et la subvention demand\u00e9e par l\u2019ADSEA pour le centre de prise en charge des auteurs \u2014 pourtant indispensable pour pr\u00e9venir les r\u00e9cidives \u2014 a \u00e9t\u00e9 rejet\u00e9e en 2024, puis rejet\u00e9e en 2025.<\/em><\/p>\n\n\n\n<p><em>Monsieur le Pr\u00e9sident, les violences augmentent, les f\u00e9minicides se multiplient, mais les moyens d\u00e9partementaux diminuent. On ne prot\u00e8ge pas les femmes avec des discours ; on les prot\u00e8ge avec des actes et des budgets. Aujourd\u2019hui, dans la Vienne, ce n\u2019est pas le cas. \u00ab\u00a0<\/em><\/p>\n\n\n\n<p><strong>Commission Climat et D\u00e9veloppement durable<\/strong> : <strong>d\u00e9lib\u00e9ration n\u00b0\u00a05<\/strong><\/p>\n\n\n\n<p>Une fois de plus, la question de la gestion de l&rsquo;eau a \u00e9t\u00e9 mise en avant \u00e0 l&rsquo;occasion de la d\u00e9lib\u00e9ration n\u00b0\u00a05, portant sur une autorisation de pr\u00e9l\u00e8vement d&rsquo;eau pour l&rsquo;agriculture faisant l&rsquo;objet d&rsquo;une demande d&rsquo;avis par le pr\u00e9fet de la Charente. Gr\u00e9gory Vouh\u00e9 a r\u00e9pondu aux propos tenus dans la presse par Alain Pichon, qui d\u00e9fendait le principe des r\u00e9serves de substitution pour sauver l&rsquo;agriculture, y compris le mara\u00eechage. <\/p>\n\n\n\n<blockquote class=\"wp-block-quote is-layout-flow wp-block-quote-is-layout-flow\">\n<p>\u00ab\u00a0Ce sont les plus gros qui sont en train de sacrifier les petits, pour devenir encore plus gros.\u00a0\u00bb<br><em>Gr\u00e9gory Vouh\u00e9<\/em><\/p>\n<\/blockquote>\n\n\n\n<p>\u00a0\u00bb <em>Avant de gaspiller l&rsquo;essentiel de cette eau pour irriguer des c\u00e9r\u00e9ales destin\u00e9es \u00e0 l&rsquo;exportation [&#8230;] il faut, d&rsquo;\u00e9vidence, sacraliser le volume sur le mara\u00eechage et la polyculture \u00e9levage<\/em> \u00ab\u00a0, a fustig\u00e9 l&rsquo;\u00e9lu de Poitiers\u00a03.<\/p>\n\n\n\n<figure class=\"wp-block-image size-large\"><img loading=\"lazy\" decoding=\"async\" width=\"755\" height=\"1024\" src=\"https:\/\/www.vienne-en-transition.fr\/wp-content\/uploads\/2025\/12\/GV-CP-27-11-25-EAU_page-0001-1-755x1024.jpg\" alt=\"\" class=\"wp-image-3096\" srcset=\"https:\/\/www.vienne-en-transition.fr\/wp-content\/uploads\/2025\/12\/GV-CP-27-11-25-EAU_page-0001-1-755x1024.jpg 755w, https:\/\/www.vienne-en-transition.fr\/wp-content\/uploads\/2025\/12\/GV-CP-27-11-25-EAU_page-0001-1-221x300.jpg 221w, https:\/\/www.vienne-en-transition.fr\/wp-content\/uploads\/2025\/12\/GV-CP-27-11-25-EAU_page-0001-1-768x1042.jpg 768w, https:\/\/www.vienne-en-transition.fr\/wp-content\/uploads\/2025\/12\/GV-CP-27-11-25-EAU_page-0001-1.jpg 1053w\" sizes=\"auto, (max-width: 755px) 100vw, 755px\" \/><\/figure>\n\n\n\n<p>Le groupe a vot\u00e9 contre cette autorisation de pr\u00e9l\u00e8vements.<\/p>\n\n\n\n<p><strong>Commission agriculture et ruralit\u00e9 : d\u00e9lib\u00e9ration n\u00b0 9<\/strong><\/p>\n\n\n\n<p>Florence Harris s&rsquo;est saisie de la question des fonds d\u00e9volus au PCAE (Plan de comp\u00e9titivit\u00e9 et d&rsquo;adaptation des exploitations agricoles) : seulement une partie du montant pr\u00e9vu au budget pr\u00e9visionnel a \u00e9t\u00e9 attribu\u00e9e pendant l&rsquo;exercice 2025.<\/p>\n\n\n\n<p>\u00a0\u00bb <em>Sur les 90 000 \u20ac de cr\u00e9dits vot\u00e9s au BP\u00a02025, seuls 63\u00a0% ont \u00e9t\u00e9 consomm\u00e9s. Il resterait donc plus de 33\u00a0000\u00a0\u20ac. Comment ces cr\u00e9dits non-utilis\u00e9s seront-ils r\u00e9affect\u00e9s ? Sont-ils fl\u00e9ch\u00e9s vers une autre action, et, si oui, laquelle ? <\/em>\u00a0\u00bb s&rsquo;est inqui\u00e9t\u00e9e la conseill\u00e8re d\u00e9partementale de Poitiers\u00a03.<\/p>\n\n\n\n<p>Avant de sugg\u00e9rer : \u00a0\u00bb <em>Serait-il possible d\u2019envisager qu\u2019ils soient d\u00e9di\u00e9s aux associations et organisations professionnelles agricoles dont les subventions ont \u00e9t\u00e9 diminu\u00e9es ou rejet\u00e9es ? Ce serait une mani\u00e8re coh\u00e9rente de soutenir celles et ceux qui agissent concr\u00e8tement pour nos territoires.<\/em> \u00ab\u00a0<\/p>\n\n\n\n<p>Il lui a \u00e9t\u00e9 r\u00e9pondu que les sommes restantes correspondaient \u00e0 des projets non r\u00e9alis\u00e9s, et qu&rsquo;il n&rsquo;\u00e9tait pas possible de transf\u00e9rer ces cr\u00e9dits d&rsquo;investissement vers la section fonctionnement. Ce sont 33&nbsp;000&nbsp;\u20ac qui retombent ainsi dans le budget g\u00e9n\u00e9ral, plut\u00f4t qu&rsquo;\u00eatre utilis\u00e9s en faveur du monde agricole.<\/p>\n\n\n\n<p><strong>Commission Sant\u00e9 : d\u00e9lib\u00e9rations n\u00b0\u00a022 et 23<\/strong><\/p>\n\n\n\n<p>Vigilante quant \u00e0 l&rsquo;optimisation de l&rsquo;utilisation des fonds publics au service de tous, elle a ensuite demand\u00e9 des explications sur la baisse de 60\u00a0% de l&rsquo;enveloppe d\u00e9volue \u00e0 la pr\u00e9vention sp\u00e9cialis\u00e9e. \u00a0\u00bb\u00a0<em>Nous devons nous prononcer aujourd\u2019hui sur un financement de la pr\u00e9vention sp\u00e9cialis\u00e9e, mais les informations dont nous disposons sont tr\u00e8s partielles. Pour les habitant\u00b7es de la Vienne, nous avons besoin de transparence et d\u2019\u00e9l\u00e9ments clairs avant de voter.\u00a0<\/em>\u00ab\u00a0<\/p>\n\n\n\n<p>L&rsquo;\u00e9lue r\u00e9f\u00e9rente s&rsquo;\u00e9tant montr\u00e9e incapable de r\u00e9pondre, c&rsquo;est le directeur \u00e0 l&rsquo;enfance qui a donn\u00e9 l&rsquo;a r\u00e9ponse l&rsquo;explication : fin 2024, les montants vot\u00e9s correspondaient \u00e0 deux ann\u00e9es d&rsquo;exercice ; fin 2025, on est revenu \u00e0 un budget annuel.<\/p>\n\n\n\n<blockquote class=\"wp-block-quote is-layout-flow wp-block-quote-is-layout-flow\">\n<p>\u00ab\u00a0Votre politique de sant\u00e9 co\u00fbte cher, et elle ne r\u00e8gle rien.\u00a0\u00bb<br><em>Florence Harris<\/em><\/p>\n<\/blockquote>\n\n\n\n<p>Puis, \u00e0 l&rsquo;occasion du vote d&rsquo;une aide \u00e0 des \u00e9tudiants dans les m\u00e9tiers de la sant\u00e9, Florence Harris est de nouveau intervenue. Un rapport de la cour des Comptes publi\u00e9 r\u00e9cemment met en doute l&rsquo;efficacit\u00e9 des incitations financi\u00e8res \u00e0 l&rsquo;installation de professionnels de sant\u00e9. Un diagnostic pos\u00e9 par l&rsquo;\u00e9lue du canton de Poitiers\u00a03 depuis plusieurs ann\u00e9es.<\/p>\n\n\n\n<figure class=\"wp-block-image size-large is-resized\"><img loading=\"lazy\" decoding=\"async\" width=\"683\" height=\"1024\" src=\"https:\/\/www.vienne-en-transition.fr\/wp-content\/uploads\/2025\/12\/DSC6569-683x1024.jpg\" alt=\"\" class=\"wp-image-3088\" style=\"width:469px;height:auto\" srcset=\"https:\/\/www.vienne-en-transition.fr\/wp-content\/uploads\/2025\/12\/DSC6569-683x1024.jpg 683w, https:\/\/www.vienne-en-transition.fr\/wp-content\/uploads\/2025\/12\/DSC6569-200x300.jpg 200w, https:\/\/www.vienne-en-transition.fr\/wp-content\/uploads\/2025\/12\/DSC6569-768x1152.jpg 768w, https:\/\/www.vienne-en-transition.fr\/wp-content\/uploads\/2025\/12\/DSC6569-1024x1536.jpg 1024w, https:\/\/www.vienne-en-transition.fr\/wp-content\/uploads\/2025\/12\/DSC6569-1365x2048.jpg 1365w, https:\/\/www.vienne-en-transition.fr\/wp-content\/uploads\/2025\/12\/DSC6569-scaled.jpg 1707w\" sizes=\"auto, (max-width: 683px) 100vw, 683px\" \/><\/figure>\n\n\n\n<p>\u00a0\u00bb <em>Aujourd\u2019hui, la cour des Comptes vient balayer vos certitudes. Dans un rapport d\u2019une grande clart\u00e9, elle confirme [&#8230;] que ces aides financi\u00e8res dispers\u00e9es sont co\u00fbteuses, mal pilot\u00e9es, mal cibl\u00e9es et, pour une large part, inefficaces pour lutter contre les d\u00e9serts m\u00e9dicaux. Ce n\u2019est pas une position politique : c\u2019est le constat d\u2019une institution impartiale<\/em>&nbsp;\u00ab\u00a0, a t-elle scand\u00e9.<\/p>\n\n\n\n<p>La Cour rappelle aussi que \u00a0\u00bb c<em>e qui attire vraiment les m\u00e9decins, ce ne sont pas les aides individuelles, mais un exercice coordonn\u00e9, en \u00e9quipe, comme celui que permettent les centres de sant\u00e9 o\u00f9 les m\u00e9decins exercent avec d\u2019autres professionnels de sant\u00e9 sous statut salari\u00e9. Autrement dit : tout ce que vous refusez syst\u00e9matiquement.<\/em>\u00a0\u00a0\u00bb <\/p>\n\n\n\n<p>\u00a0\u00bb <em>Et au fond, tout est l\u00e0 : vous d\u00e9pensez, mais vous ne construisez rien. Il est temps d\u2019admettre que vous avez fait fausse route et de mettre enfin en place une politique de sant\u00e9 digne de ce nom, pour les habitantes et les habitants de la Vienne<\/em>. \u00ab\u00a0<\/p>\n\n\n\n<p>Devant les d\u00e9n\u00e9gations des \u00e9lus de droite, qui r\u00e9pondaient que les chiffres d&rsquo;installations de professionnels de sant\u00e9 dans la Vienne \u00e9taient bons, Gr\u00e9gory Vouh\u00e9 s&rsquo;est insurg\u00e9 : \u00ab\u00a0<em> Vous ne pouvez pas vous attribuer le m\u00e9rite des ces installations ! C&rsquo;est invraisemblable<\/em> !\u00a0\u00a0\u00bb Tandis que Florence Harris a rappel\u00e9 : \u00a0\u00bb <em>Ce n&rsquo;est pas avec moi que vous n&rsquo;\u00eates pas d&rsquo;accord : c&rsquo;est avec la cour des Comptes<\/em> !\u00a0\u00bb<\/p>\n\n\n\n<p>C&rsquo;est Ludovic Devergne qui a conclu l&rsquo;intervention du groupe sur ce point : \u00a0\u00bb\u00a0<em>Nous sommes attentifs \u00e0 l&rsquo;efficacit\u00e9 de la d\u00e9pense publique. Le rapport de la cour des Comptes devrait vous interroger.<\/em>\u00a0\u00ab\u00a0<\/p>\n\n\n\n<p><strong>Commission \u00c9ducation, Coll\u00e8ges, Universit\u00e9s, B\u00e2timents : d\u00e9lib\u00e9rations n\u00b0\u00a036 et 37<\/strong><\/p>\n\n\n\n<p>Revenant sur les inqui\u00e9tudes de certains enseignants, membres du personnel et usagers du coll\u00e8ge Jean-Moulin, Florence Harris a critiqu\u00e9 la faible r\u00e9ponse apport\u00e9e par le Conseil d\u00e9partemental :<\/p>\n\n\n\n<p>\u00a0\u00bb <em>Je veux revenir sur la lettre sign\u00e9e par le vice-pr\u00e9sident \u00e0 l\u2019\u00e9ducation, adress\u00e9e aux membres du conseil d\u2019administration du coll\u00e8ge Jean-Moulin : un courrier strictement technique, sans empathie, alors que leurs inqui\u00e9tudes sont l\u00e9gitimes.<\/em><\/p>\n\n\n\n<p><em>Iels avaient pos\u00e9 des questions pr\u00e9cises sur la pr\u00e9sence d\u2019amiante dans certains locaux et sur d\u2019autres probl\u00e8mes d\u2019hygi\u00e8ne et de s\u00e9curit\u00e9. Les r\u00e9ponses ont \u00e9t\u00e9 partielles, et leurs demandes concr\u00e8tes \u2014 comme des ventilateurs pour les salles \u2014 n\u2019ont pas \u00e9t\u00e9 prises en compte. Je peux vous le dire : les personnes pr\u00e9sentes au conseil d&rsquo;administration \u00e9taient indign\u00e9es.<\/em><\/p>\n\n\n\n<blockquote class=\"wp-block-quote is-layout-flow wp-block-quote-is-layout-flow\">\n<p>\u00ab\u00a0C&rsquo;est un mandat qu&rsquo;on emp\u00eache d&rsquo;exercer.\u00a0\u00bb<br><em>Florence Harris<\/em><\/p>\n<\/blockquote>\n\n\n\n<p><em>Le respect commence par la clart\u00e9 : quand tout devient opaque, on finit par se demander ce qu\u2019on cherche \u00e0 nous cacher.<\/em><\/p>\n\n\n\n<p><em>Monsieur le Pr\u00e9sident, je vous ai \u00e9crit il y a plus d\u2019un mois sur ces m\u00eames sujets, sans aucune r\u00e9ponse. Et quand des \u00e9lu\u00b7es si\u00e8gent au m\u00eame conseil d\u2019administration sans disposer des m\u00eames informations, ce n\u2019est pas anodin : c\u2019est un mandat qu\u2019on emp\u00eache d\u2019exercer. \u00ab\u00a0<\/em><\/p>\n\n\n\n<p>Le d\u00e9lib\u00e9ration n\u00b0\u00a037 portait sur la prolongation d&rsquo;un an (4\u00a0ans au lieu de 3) de la convention de subventionnement du campus de l&rsquo;Esigelec.  Un investissement massif du D\u00e9partement dans une \u00e9cole priv\u00e9e que <em>La Vienne en transition<\/em> a d\u00e9j\u00e0 mise en cause auparavant.<\/p>\n\n\n\n<p>\u00a0\u00bb <em>Comment s&rsquo;explique cette quatri\u00e8me ann\u00e9e de convention\u00a0? <\/em>a demand\u00e9 Ludovic Devergne. <em>L&rsquo;argent investi par le D\u00e9partement est-il efficacement employ\u00e9\u00a0?<\/em> \u00a0\u00bb L&rsquo;\u00e9lu en charge du dossier a d\u00fb conc\u00e9der que l&rsquo;\u00e9cole se d\u00e9veloppait \u00a0\u00bb <em>moins vite que ce qu&rsquo;on aurait pu attendre<\/em> \u00ab\u00a0, sans pouvoir produire d&rsquo;informations pr\u00e9cises. \u00a0\u00bb\u00a0<em>Nous demanderons des \u00e9l\u00e9ments chiffr\u00e9s et vous les donnerons d\u00e8s que nous les aurons<\/em>\u00a0\u00ab\u00a0, a-t&rsquo;il bott\u00e9 en touche.<\/p>\n\n\n\n<p><em>La Vienne en transition<\/em> a vot\u00e9 contre cette prolongation de subventionnement.<\/p>\n\n\n\n<p><strong>Commission Culture et Ev\u00e9nementiel : d\u00e9lib\u00e9rations 46 et 48<\/strong><\/p>\n\n\n\n<p>Gr\u00e9gory Vouh\u00e9 n&rsquo;a pas retenu ses coups \u00e0 l&rsquo;encontre des coupes effectu\u00e9es par les \u00e9lus de la majorit\u00e9 dans les sommes allou\u00e9es \u00e0 la culture et \u00e0 l&rsquo;animation du territoire.<\/p>\n\n\n\n<p>En effet, 14\u00a0000\u00a0\u20ac n&rsquo;ont pas \u00e9t\u00e9 utilis\u00e9s au titre du budget culture, alors que la majorit\u00e9 d\u00e9partementale a r\u00e9duit de fa\u00e7on syst\u00e9matique les cr\u00e9dits allou\u00e9s par rapport aux pr\u00e9conisations des services \u00a0\u00bb <em>dont on ne saurait mettre en doute l&rsquo;expertise<\/em> \u00ab\u00a0.<\/p>\n\n\n\n<p>Rappelant que la maison de quartier de Saint-Eloi, sur son canton, a vu sa subvention baiss\u00e9e de 15\u00a0% alors qu&rsquo;elle est situ\u00e9e en zone d&rsquo;\u00e9ducation prioritaire, Gr\u00e9gory Vouh\u00e9 a insist\u00e9 sur la responsabilit\u00e9 du groupe majoritaire : \u00a0\u00bb\u00a0<em>On ne peut que constater que l&rsquo;argent public \u00e9tait disponible pour les habitants, et que des personnes de notre d\u00e9partement ont \u00e9t\u00e9 priv\u00e9es de ces moyens par votre seule volont\u00e9.<\/em>\u00a0\u00ab\u00a0<\/p>\n\n\n\n<figure class=\"wp-block-image size-large\"><img loading=\"lazy\" decoding=\"async\" width=\"853\" height=\"1024\" src=\"https:\/\/www.vienne-en-transition.fr\/wp-content\/uploads\/2025\/12\/GV-CP-27-11-25-CULTURE_page-0001-1-853x1024.jpg\" alt=\"\" class=\"wp-image-3097\" srcset=\"https:\/\/www.vienne-en-transition.fr\/wp-content\/uploads\/2025\/12\/GV-CP-27-11-25-CULTURE_page-0001-1-853x1024.jpg 853w, https:\/\/www.vienne-en-transition.fr\/wp-content\/uploads\/2025\/12\/GV-CP-27-11-25-CULTURE_page-0001-1-250x300.jpg 250w, https:\/\/www.vienne-en-transition.fr\/wp-content\/uploads\/2025\/12\/GV-CP-27-11-25-CULTURE_page-0001-1-768x922.jpg 768w, https:\/\/www.vienne-en-transition.fr\/wp-content\/uploads\/2025\/12\/GV-CP-27-11-25-CULTURE_page-0001-1.jpg 1056w\" sizes=\"auto, (max-width: 853px) 100vw, 853px\" \/><\/figure>\n\n\n\n<p>Les \u00e9changes ont \u00e9t\u00e9 plus vifs encore sur le sujet habituellement plut\u00f4t consensuel du Fcal (Fonds cantonal d&rsquo;action locale) : il s&rsquo;agit pour chaque \u00e9lu d&rsquo;attribuer des subventions aux associations de son canton qui contribuent \u00e0 l&rsquo;animer, au moyen d&rsquo;une enveloppe annuelle qui lui est attribu\u00e9e.<\/p>\n\n\n\n<p>Gr\u00e9gory Vouh\u00e9 a fustig\u00e9 le fait que deux conseillers g\u00e9n\u00e9raux n&rsquo;ont pas jug\u00e9 utile d&rsquo;attribuer l&rsquo;int\u00e9gralit\u00e9 de leur fonds : Chasseneuil (12\u00a0% non affect\u00e9s) et Lusignan (un quart) ; \u00a0\u00bb\u00a0<em>comme s&rsquo;il n&rsquo;y avait aucun besoin, rien \u00e0 soutenir sur ces territoires\u00a0<\/em>\u00ab\u00a0.<\/p>\n\n\n\n<blockquote class=\"wp-block-quote is-layout-flow wp-block-quote-is-layout-flow\">\n<p>\u00ab\u00a0Il n&rsquo;y a que l&#8217;embarras du choix, pour les \u00e9lus volontaires, qui souhaiteraient soutenir leur territoire.\u00a0\u00bb<br><em>Gr\u00e9gory Vouh\u00e9<\/em><\/p>\n<\/blockquote>\n\n\n\n<p>Citant plusieurs associations bas\u00e9es \u00e0 Poitiers mais dont l&rsquo;action b\u00e9n\u00e9ficie \u00e0 tout le d\u00e9partement, le conseiller de Poitiers\u00a03 a sugg\u00e9r\u00e9 qu&rsquo;elles devraient solliciter ces deux conseillers, concluant : \u00a0\u00bb <em>Nous pourrons mesurer l&rsquo;\u00e9volution de votre implication au service de la population<\/em>.\u00a0\u00bb<\/p>\n\n\n\n<figure class=\"wp-block-image size-large\"><img loading=\"lazy\" decoding=\"async\" width=\"863\" height=\"1024\" src=\"https:\/\/www.vienne-en-transition.fr\/wp-content\/uploads\/2025\/12\/GV-CP-27-11-25-FondsCantonaux_page-0001-863x1024.jpg\" alt=\"\" class=\"wp-image-3102\" srcset=\"https:\/\/www.vienne-en-transition.fr\/wp-content\/uploads\/2025\/12\/GV-CP-27-11-25-FondsCantonaux_page-0001-863x1024.jpg 863w, https:\/\/www.vienne-en-transition.fr\/wp-content\/uploads\/2025\/12\/GV-CP-27-11-25-FondsCantonaux_page-0001-253x300.jpg 253w, https:\/\/www.vienne-en-transition.fr\/wp-content\/uploads\/2025\/12\/GV-CP-27-11-25-FondsCantonaux_page-0001-768x912.jpg 768w, https:\/\/www.vienne-en-transition.fr\/wp-content\/uploads\/2025\/12\/GV-CP-27-11-25-FondsCantonaux_page-0001.jpg 1074w\" sizes=\"auto, (max-width: 863px) 100vw, 863px\" \/><\/figure>\n\n\n\n<p>Cette derni\u00e8re intervention a suscit\u00e9 une bronca dans la salle. L&rsquo;un des \u00e9lus vis\u00e9s a cherch\u00e9 \u00e0 culpabiliser \u00ab\u00a0ses\u00a0\u00bb associations,  qui le sollicitent \u00a0\u00bb\u00a0<em>mais qui ne savent pas g\u00e9rer un budget<\/em>\u00a0\u00ab\u00a0. \u00ab\u00a0<em>\u00a0On n&rsquo;a pas la m\u00eame philosophie que vous \u00e0 perfusionner<\/em> [sic] <em>des associations qui ne savent pas g\u00e9rer. On n&rsquo;a pas comme vous les poches ouvertes.<\/em>\u00a0\u00a0\u00bb Les associations locales appr\u00e9cieront.<\/p>\n\n\n\n<figure class=\"wp-block-image size-large\"><img loading=\"lazy\" decoding=\"async\" width=\"1024\" height=\"737\" src=\"https:\/\/www.vienne-en-transition.fr\/wp-content\/uploads\/2025\/12\/photo-mise-en-avant-2-1024x737.jpg\" alt=\"\" class=\"wp-image-3104\" srcset=\"https:\/\/www.vienne-en-transition.fr\/wp-content\/uploads\/2025\/12\/photo-mise-en-avant-2-1024x737.jpg 1024w, https:\/\/www.vienne-en-transition.fr\/wp-content\/uploads\/2025\/12\/photo-mise-en-avant-2-300x216.jpg 300w, https:\/\/www.vienne-en-transition.fr\/wp-content\/uploads\/2025\/12\/photo-mise-en-avant-2-768x553.jpg 768w, https:\/\/www.vienne-en-transition.fr\/wp-content\/uploads\/2025\/12\/photo-mise-en-avant-2-1536x1105.jpg 1536w, https:\/\/www.vienne-en-transition.fr\/wp-content\/uploads\/2025\/12\/photo-mise-en-avant-2-2048x1474.jpg 2048w\" sizes=\"auto, (max-width: 1024px) 100vw, 1024px\" \/><\/figure>\n","protected":false},"excerpt":{"rendered":"<p>\u00ab\u00a0Ce n&rsquo;est pas avec moi que vous n&rsquo;\u00eates pas d&rsquo;accord : c&rsquo;est avec la cour des Comptes !\u00a0\u00bb<\/p>\n","protected":false},"author":1,"featured_media":3098,"comment_status":"open","ping_status":"open","sticky":false,"template":"","format":"standard","meta":{"site-sidebar-layout":"default","site-content-layout":"","ast-site-content-layout":"","site-content-style":"default","site-sidebar-style":"default","ast-global-header-display":"","ast-banner-title-visibility":"","ast-main-header-display":"","ast-hfb-above-header-display":"","ast-hfb-below-header-display":"","ast-hfb-mobile-header-display":"","site-post-title":"","ast-breadcrumbs-content":"","ast-featured-img":"","footer-sml-layout":"","theme-transparent-header-meta":"","adv-header-id-meta":"","stick-header-meta":"","header-above-stick-meta":"","header-main-stick-meta":"","header-below-stick-meta":"","astra-migrate-meta-layouts":"default","ast-page-background-enabled":"default","ast-page-background-meta":{"desktop":{"background-color":"var(--ast-global-color-5)","background-image":"","background-repeat":"repeat","background-position":"center center","background-size":"auto","background-attachment":"scroll","background-type":"","background-media":"","overlay-type":"","overlay-color":"","overlay-opacity":"","overlay-gradient":""},"tablet":{"background-color":"","background-image":"","background-repeat":"repeat","background-position":"center center","background-size":"auto","background-attachment":"scroll","background-type":"","background-media":"","overlay-type":"","overlay-color":"","overlay-opacity":"","overlay-gradient":""},"mobile":{"background-color":"","background-image":"","background-repeat":"repeat","background-position":"center center","background-size":"auto","background-attachment":"scroll","background-type":"","background-media":"","overlay-type":"","overlay-color":"","overlay-opacity":"","overlay-gradient":""}},"ast-content-background-meta":{"desktop":{"background-color":"var(--ast-global-color-4)","background-image":"","background-repeat":"repeat","background-position":"center center","background-size":"auto","background-attachment":"scroll","background-type":"","background-media":"","overlay-type":"","overlay-color":"","overlay-opacity":"","overlay-gradient":""},"tablet":{"background-color":"var(--ast-global-color-4)","background-image":"","background-repeat":"repeat","background-position":"center center","background-size":"auto","background-attachment":"scroll","background-type":"","background-media":"","overlay-type":"","overlay-color":"","overlay-opacity":"","overlay-gradient":""},"mobile":{"background-color":"var(--ast-global-color-4)","background-image":"","background-repeat":"repeat","background-position":"center center","background-size":"auto","background-attachment":"scroll","background-type":"","background-media":"","overlay-type":"","overlay-color":"","overlay-opacity":"","overlay-gradient":""}},"footnotes":""},"categories":[27,40,69,72,33],"tags":[61,55,80,82,60,81,83,39,58],"class_list":["post-3078","post","type-post","status-publish","format-standard","has-post-thumbnail","hentry","category-lusignan","category-nos-interventions","category-nos-interventions-en-seances","category-poitiers-2","category-poitiers3","tag-61","tag-aides","tag-associations","tag-chasseneuil","tag-culture","tag-lusignan","tag-poitiers","tag-seance","tag-solidarite"],"_links":{"self":[{"href":"https:\/\/www.vienne-en-transition.fr\/index.php\/wp-json\/wp\/v2\/posts\/3078","targetHints":{"allow":["GET"]}}],"collection":[{"href":"https:\/\/www.vienne-en-transition.fr\/index.php\/wp-json\/wp\/v2\/posts"}],"about":[{"href":"https:\/\/www.vienne-en-transition.fr\/index.php\/wp-json\/wp\/v2\/types\/post"}],"author":[{"embeddable":true,"href":"https:\/\/www.vienne-en-transition.fr\/index.php\/wp-json\/wp\/v2\/users\/1"}],"replies":[{"embeddable":true,"href":"https:\/\/www.vienne-en-transition.fr\/index.php\/wp-json\/wp\/v2\/comments?post=3078"}],"version-history":[{"count":18,"href":"https:\/\/www.vienne-en-transition.fr\/index.php\/wp-json\/wp\/v2\/posts\/3078\/revisions"}],"predecessor-version":[{"id":3124,"href":"https:\/\/www.vienne-en-transition.fr\/index.php\/wp-json\/wp\/v2\/posts\/3078\/revisions\/3124"}],"wp:featuredmedia":[{"embeddable":true,"href":"https:\/\/www.vienne-en-transition.fr\/index.php\/wp-json\/wp\/v2\/media\/3098"}],"wp:attachment":[{"href":"https:\/\/www.vienne-en-transition.fr\/index.php\/wp-json\/wp\/v2\/media?parent=3078"}],"wp:term":[{"taxonomy":"category","embeddable":true,"href":"https:\/\/www.vienne-en-transition.fr\/index.php\/wp-json\/wp\/v2\/categories?post=3078"},{"taxonomy":"post_tag","embeddable":true,"href":"https:\/\/www.vienne-en-transition.fr\/index.php\/wp-json\/wp\/v2\/tags?post=3078"}],"curies":[{"name":"wp","href":"https:\/\/api.w.org\/{rel}","templated":true}]}}