{"id":3030,"date":"2025-10-20T16:05:14","date_gmt":"2025-10-20T14:05:14","guid":{"rendered":"https:\/\/www.vienne-en-transition.fr\/?p=3030"},"modified":"2025-10-27T15:51:32","modified_gmt":"2025-10-27T14:51:32","slug":"commission-permanente-17-10-25-les-priorites-de-la-majorite-en-question","status":"publish","type":"post","link":"https:\/\/www.vienne-en-transition.fr\/index.php\/2025\/10\/20\/commission-permanente-17-10-25-les-priorites-de-la-majorite-en-question\/","title":{"rendered":"Commission permanente (17\/10\/25) : les priorit\u00e9s de la majorit\u00e9 en question"},"content":{"rendered":"\n<p>Par <a href=\"https:\/\/www.vienne-en-transition.fr\/index.php\/author\/admin\/\">La Vienne en transition <\/a>\/ 17 octobre 2025<\/p>\n\n\n\n<pre class=\"wp-block-preformatted\">R\u00e9unis en commission permanente ce vendredi 17 octobre, les \u00e9lus <em>La Vienne en <\/em><em>t<\/em><em>ransition<\/em> ont, \u00e0 plusieurs reprises, questionn\u00e9 les choix de la majorit\u00e9 d\u00e9partementale.<\/pre>\n\n\n\n<figure class=\"wp-block-image size-large\"><img loading=\"lazy\" decoding=\"async\" width=\"1024\" height=\"683\" src=\"https:\/\/www.vienne-en-transition.fr\/wp-content\/uploads\/2025\/06\/Groupe-2-1-1024x683.jpg\" alt=\"\" class=\"wp-image-2997\" srcset=\"https:\/\/www.vienne-en-transition.fr\/wp-content\/uploads\/2025\/06\/Groupe-2-1-1024x683.jpg 1024w, https:\/\/www.vienne-en-transition.fr\/wp-content\/uploads\/2025\/06\/Groupe-2-1-300x200.jpg 300w, https:\/\/www.vienne-en-transition.fr\/wp-content\/uploads\/2025\/06\/Groupe-2-1-768x512.jpg 768w, https:\/\/www.vienne-en-transition.fr\/wp-content\/uploads\/2025\/06\/Groupe-2-1-1536x1024.jpg 1536w, https:\/\/www.vienne-en-transition.fr\/wp-content\/uploads\/2025\/06\/Groupe-2-1-2048x1365.jpg 2048w\" sizes=\"auto, (max-width: 1024px) 100vw, 1024px\" \/><\/figure>\n\n\n\n<p><strong>Int\u00e9r\u00eat g\u00e9n\u00e9ral et solidarit\u00e9<\/strong><\/p>\n\n\n\n<p>Comme l\u2019a fait un \u00e9lu de la majorit\u00e9 dans la presse au sujet de la gestion de la ressource en eau par le D\u00e9partement, Gr\u00e9gory Vouh\u00e9 a \u00e9galement d\u00e9nonc\u00e9\u00a0: \u00ab\u00a0\u00a0<em>Vous faites primer les int\u00e9r\u00eats de quelques particuliers sur l\u2019int\u00e9r\u00eat g\u00e9n\u00e9ral des habitants et habitantes de la Vienne\u00a0\u00bb<\/em>.<\/p>\n\n\n\n<p>Suite aux r\u00e9ponses apport\u00e9es par des \u00e9lus de droite, Gr\u00e9gory Vouh\u00e9 a pr\u00e9cis\u00e9 que la position de <em>La Vienne en transition<\/em> en mati\u00e8re de politique de l\u2019eau n\u2019est pas \u00ab\u00a0<em>contre l\u2019agriculture et les agriculteurs, comme si on mettait tout le monde dans le m\u00eame sac<\/em>\u00a0\u00bb. Mais que le groupe visait plut\u00f4t les projets calibr\u00e9s au b\u00e9n\u00e9fice de \u00ab\u00a0<em>l\u2019agro-industrie, les gros irrigants<\/em>\u00a0\u00bb.<\/p>\n\n\n\n<figure class=\"wp-block-image size-large\"><img loading=\"lazy\" decoding=\"async\" width=\"973\" height=\"1024\" src=\"https:\/\/www.vienne-en-transition.fr\/wp-content\/uploads\/2025\/10\/GV-CP-16-10-25-EAU_page-0001-3-973x1024.jpg\" alt=\"\" class=\"wp-image-3031\" srcset=\"https:\/\/www.vienne-en-transition.fr\/wp-content\/uploads\/2025\/10\/GV-CP-16-10-25-EAU_page-0001-3-973x1024.jpg 973w, https:\/\/www.vienne-en-transition.fr\/wp-content\/uploads\/2025\/10\/GV-CP-16-10-25-EAU_page-0001-3-285x300.jpg 285w, https:\/\/www.vienne-en-transition.fr\/wp-content\/uploads\/2025\/10\/GV-CP-16-10-25-EAU_page-0001-3-768x808.jpg 768w, https:\/\/www.vienne-en-transition.fr\/wp-content\/uploads\/2025\/10\/GV-CP-16-10-25-EAU_page-0001-3-1459x1536.jpg 1459w, https:\/\/www.vienne-en-transition.fr\/wp-content\/uploads\/2025\/10\/GV-CP-16-10-25-EAU_page-0001-3-1946x2048.jpg 1946w\" sizes=\"auto, (max-width: 973px) 100vw, 973px\" \/><\/figure>\n\n\n\n<blockquote class=\"wp-block-quote is-layout-flow wp-block-quote-is-layout-flow\">\n<p>\u00a0\u00bb\u00a0Dans la Vienne, on ne nourrit pas la coh\u00e9sion sociale avec du k\u00e9ros\u00e8ne\u00a0!\u00a0\u00ab\u00a0<strong> Florence Harris<\/strong><\/p>\n<\/blockquote>\n\n\n\n<p>Florence Harris a rench\u00e9ri en critiquant elle aussi les priorit\u00e9s de la majorit\u00e9, qui rabote les d\u00e9penses sociales relevant de sa comp\u00e9tence mais consacre 1,4 million d\u2019euros par an \u00e0 l\u2019a\u00e9roport. Alertant sur la situation financi\u00e8re dramatique de l\u2019association <em>L\u2019\u00c9veil <\/em>et de son restaurant d\u2019insertion <em>L\u2019Assiette sympa<\/em>, elle a conclu : \u00a0\u00a0\u00bb\u00a0<em>Dans la Vienne, on ne nourrit pas la coh\u00e9sion sociale avec du k\u00e9ros\u00e8ne. Soutenez <\/em>L\u2019\u00c9veil<em>, avant qu\u2019il ne soit trop tard\u00a0!<\/em>\u00a0\u00ab\u00a0<\/p>\n\n\n\n<p><strong>Am\u00e9nagement du territoire<\/strong><\/p>\n\n\n\n<p>Gr\u00e9gory Vouh\u00e9 a tenu \u00e0 souligner l\u2019excellent travail de l\u2019agent du D\u00e9partement qui instruit les dossiers de l\u2019appel \u00e0 projets Patrimoine. Et salu\u00e9 le sauvetage de la chapelle de Graill\u00e9, \u00e0 Pindray, \u00a0\u00a0\u00bb\u00a0<em>petit chef-d\u2019\u0153uvre en p\u00e9ril<\/em>\u00a0\u00a0\u00bb\u00a0.<\/p>\n\n\n\n<figure class=\"wp-block-image size-large\"><img loading=\"lazy\" decoding=\"async\" width=\"1024\" height=\"928\" src=\"https:\/\/www.vienne-en-transition.fr\/wp-content\/uploads\/2025\/10\/GV-CP-17-10-25-PATRIMOINE_page-0001-2-1024x928.jpg\" alt=\"\" class=\"wp-image-3032\" srcset=\"https:\/\/www.vienne-en-transition.fr\/wp-content\/uploads\/2025\/10\/GV-CP-17-10-25-PATRIMOINE_page-0001-2-1024x928.jpg 1024w, https:\/\/www.vienne-en-transition.fr\/wp-content\/uploads\/2025\/10\/GV-CP-17-10-25-PATRIMOINE_page-0001-2-300x272.jpg 300w, https:\/\/www.vienne-en-transition.fr\/wp-content\/uploads\/2025\/10\/GV-CP-17-10-25-PATRIMOINE_page-0001-2-768x696.jpg 768w, https:\/\/www.vienne-en-transition.fr\/wp-content\/uploads\/2025\/10\/GV-CP-17-10-25-PATRIMOINE_page-0001-2.jpg 1098w\" sizes=\"auto, (max-width: 1024px) 100vw, 1024px\" \/><\/figure>\n\n\n\n<p><strong>Coll\u00e8ges<\/strong><\/p>\n\n\n\n<p>Membre du conseil d\u2019administration du coll\u00e8ge Jean-Moulin, Florence Harris s\u2019est fait le relais des revendications d\u2019une partie des enseignants et membres du personnel de cet \u00e9tablissement en demandant des information sur les tests effectu\u00e9s concernant l\u2019\u00e9ventuelle pr\u00e9sence d\u2019amiante dans les b\u00e2timents, et sur l\u2019avancement des travaux en cours.<\/p>\n\n\n\n<p><strong>Sports<\/strong><\/p>\n\n\n\n<p>Gr\u00e9gory Vouh\u00e9 a une nouvelle fois d\u00e9plor\u00e9 ne pas avoir \u00e9t\u00e9 invit\u00e9 \u00e0 un \u00e9v\u00e9nement se d\u00e9roulant sur son canton : \u00ab\u00a0 <em>Juste un mot pour manifester mon int\u00e9r\u00eat et vous dire que je serais all\u00e9 avec plaisir \u00e0 la soir\u00e9e de lancement de saison de l&rsquo;Alterna stade poitevin, qui a r\u00e9uni plus de 200 personnes au palais des Ducs, sur le canton de Poitiers 3, si l&rsquo;information \u00e9tait parvenue jusqu&rsquo;\u00e0 moi. Je vous remercie.<\/em>\u00a0\u00bb<\/p>\n\n\n\n<p><strong>Tourisme<\/strong><\/p>\n\n\n\n<p>Concernant le jeu immersif intitul\u00e9 <em>Le tr\u00e9sor perdu d\u2019Ali\u00e9nor<\/em>, Gr\u00e9gory Vouh\u00e9 a ironis\u00e9 sur le fait que ce tr\u00e9sor d\u2019un co\u00fbt de \u00a0\u00ab\u00a0<em>750\u00a0000\u00a0\u20ac d\u2019argent public<\/em>\u00a0\u00bb, est bel et bien perdu, puisque le jeu n\u2019est toujours pas sorti, apr\u00e8s de multiples reports. De plus, le D\u00e9partement a subventionn\u00e9 l\u2019association <em>Vienne, tourisme d\u2019affaires<\/em>, pour plus de 225\u00a0000\u00a0\u20ac en trois ans. Au total, \u00ab\u00a0\u00a0<em>c\u2019est plus d\u2019un-demi million d\u2019euros qui aurait pu \u00eatre mieux employ\u00e9 au service de la population.<\/em>\u00a0\u00bb\u00a0<br>En cons\u00e9quence, le groupe s\u2019est abstenu de voter le bloc de subventions qui incluait 36\u00a0000\u00a0\u20ac destin\u00e9s \u00e0<em>Vienne, tourisme d\u2019affaires<\/em>. <\/p>\n\n\n\n<figure class=\"wp-block-image size-large\"><img loading=\"lazy\" decoding=\"async\" width=\"1001\" height=\"1024\" src=\"https:\/\/www.vienne-en-transition.fr\/wp-content\/uploads\/2025\/10\/GV-CP-17-10-25-TOURISME_page-0001-1-1001x1024.jpg\" alt=\"\" class=\"wp-image-3033\" srcset=\"https:\/\/www.vienne-en-transition.fr\/wp-content\/uploads\/2025\/10\/GV-CP-17-10-25-TOURISME_page-0001-1-1001x1024.jpg 1001w, https:\/\/www.vienne-en-transition.fr\/wp-content\/uploads\/2025\/10\/GV-CP-17-10-25-TOURISME_page-0001-1-293x300.jpg 293w, https:\/\/www.vienne-en-transition.fr\/wp-content\/uploads\/2025\/10\/GV-CP-17-10-25-TOURISME_page-0001-1-768x786.jpg 768w, https:\/\/www.vienne-en-transition.fr\/wp-content\/uploads\/2025\/10\/GV-CP-17-10-25-TOURISME_page-0001-1.jpg 1078w\" sizes=\"auto, (max-width: 1001px) 100vw, 1001px\" \/><\/figure>\n\n\n\n<p><strong>Relations internationales<\/strong><\/p>\n\n\n\n<p>C\u2019est Florence Harris, enfin, qui a clos les interventions de l\u2019opposition de gauche lors de cette commission permanente, en demandant \u00e0 ce que l\u2019assembl\u00e9e soit mieux inform\u00e9e des co\u00fbts des missions et des d\u00e9placements internationaux pris en charge par le D\u00e9partement. \u00a0\u00bb\u00a0<em>Je ne conteste pas l\u2019int\u00e9r\u00eat de ces \u00e9changes, au contraire, a-t-elle indiqu\u00e9. Mais comme les relations internationales ne font pas partie des comp\u00e9tences obligatoires d\u2019un conseil d\u00e9partemental, c\u2019est un choix politique. Et comme tout choix politique, il m\u00e9rite transparence et clart\u00e9.\u00a0<\/em>\u00a0\u00bb En effet, il \u00e9tait demand\u00e9 \u00e0 l\u2019assembl\u00e9e de voter, sans en conna\u00eetre le co\u00fbt, un projet d\u2019\u00e9change culturel baptis\u00e9 <em>Le r\u00e9veil acadien<\/em>, ayant permis notamment \u00e0 trois jeunes de la Vienne de se rendre en Louisiane cette troisi\u00e8me semaine d\u2019octobre.<\/p>\n","protected":false},"excerpt":{"rendered":"<p>Par La Vienne en transition \/ 17 octobre 2025 R\u00e9unis en commission permanente ce vendredi 17 octobre, les \u00e9lus La [&hellip;]<\/p>\n","protected":false},"author":1,"featured_media":2982,"comment_status":"open","ping_status":"open","sticky":false,"template":"","format":"standard","meta":{"site-sidebar-layout":"default","site-content-layout":"","ast-site-content-layout":"","site-content-style":"default","site-sidebar-style":"default","ast-global-header-display":"","ast-banner-title-visibility":"","ast-main-header-display":"","ast-hfb-above-header-display":"","ast-hfb-below-header-display":"","ast-hfb-mobile-header-display":"","site-post-title":"","ast-breadcrumbs-content":"","ast-featured-img":"","footer-sml-layout":"","theme-transparent-header-meta":"","adv-header-id-meta":"","stick-header-meta":"","header-above-stick-meta":"","header-main-stick-meta":"","header-below-stick-meta":"","astra-migrate-meta-layouts":"default","ast-page-background-enabled":"default","ast-page-background-meta":{"desktop":{"background-color":"var(--ast-global-color-5)","background-image":"","background-repeat":"repeat","background-position":"center center","background-size":"auto","background-attachment":"scroll","background-type":"","background-media":"","overlay-type":"","overlay-color":"","overlay-opacity":"","overlay-gradient":""},"tablet":{"background-color":"","background-image":"","background-repeat":"repeat","background-position":"center center","background-size":"auto","background-attachment":"scroll","background-type":"","background-media":"","overlay-type":"","overlay-color":"","overlay-opacity":"","overlay-gradient":""},"mobile":{"background-color":"","background-image":"","background-repeat":"repeat","background-position":"center center","background-size":"auto","background-attachment":"scroll","background-type":"","background-media":"","overlay-type":"","overlay-color":"","overlay-opacity":"","overlay-gradient":""}},"ast-content-background-meta":{"desktop":{"background-color":"var(--ast-global-color-4)","background-image":"","background-repeat":"repeat","background-position":"center center","background-size":"auto","background-attachment":"scroll","background-type":"","background-media":"","overlay-type":"","overlay-color":"","overlay-opacity":"","overlay-gradient":""},"tablet":{"background-color":"var(--ast-global-color-4)","background-image":"","background-repeat":"repeat","background-position":"center center","background-size":"auto","background-attachment":"scroll","background-type":"","background-media":"","overlay-type":"","overlay-color":"","overlay-opacity":"","overlay-gradient":""},"mobile":{"background-color":"var(--ast-global-color-4)","background-image":"","background-repeat":"repeat","background-position":"center center","background-size":"auto","background-attachment":"scroll","background-type":"","background-media":"","overlay-type":"","overlay-color":"","overlay-opacity":"","overlay-gradient":""}},"footnotes":""},"categories":[1,40,69],"tags":[61,39],"class_list":["post-3030","post","type-post","status-publish","format-standard","has-post-thumbnail","hentry","category-non-classe","category-nos-interventions","category-nos-interventions-en-seances","tag-61","tag-seance"],"_links":{"self":[{"href":"https:\/\/www.vienne-en-transition.fr\/index.php\/wp-json\/wp\/v2\/posts\/3030","targetHints":{"allow":["GET"]}}],"collection":[{"href":"https:\/\/www.vienne-en-transition.fr\/index.php\/wp-json\/wp\/v2\/posts"}],"about":[{"href":"https:\/\/www.vienne-en-transition.fr\/index.php\/wp-json\/wp\/v2\/types\/post"}],"author":[{"embeddable":true,"href":"https:\/\/www.vienne-en-transition.fr\/index.php\/wp-json\/wp\/v2\/users\/1"}],"replies":[{"embeddable":true,"href":"https:\/\/www.vienne-en-transition.fr\/index.php\/wp-json\/wp\/v2\/comments?post=3030"}],"version-history":[{"count":3,"href":"https:\/\/www.vienne-en-transition.fr\/index.php\/wp-json\/wp\/v2\/posts\/3030\/revisions"}],"predecessor-version":[{"id":3037,"href":"https:\/\/www.vienne-en-transition.fr\/index.php\/wp-json\/wp\/v2\/posts\/3030\/revisions\/3037"}],"wp:featuredmedia":[{"embeddable":true,"href":"https:\/\/www.vienne-en-transition.fr\/index.php\/wp-json\/wp\/v2\/media\/2982"}],"wp:attachment":[{"href":"https:\/\/www.vienne-en-transition.fr\/index.php\/wp-json\/wp\/v2\/media?parent=3030"}],"wp:term":[{"taxonomy":"category","embeddable":true,"href":"https:\/\/www.vienne-en-transition.fr\/index.php\/wp-json\/wp\/v2\/categories?post=3030"},{"taxonomy":"post_tag","embeddable":true,"href":"https:\/\/www.vienne-en-transition.fr\/index.php\/wp-json\/wp\/v2\/tags?post=3030"}],"curies":[{"name":"wp","href":"https:\/\/api.w.org\/{rel}","templated":true}]}}