{"id":2909,"date":"2025-04-02T10:53:43","date_gmt":"2025-04-02T08:53:43","guid":{"rendered":"https:\/\/www.vienne-en-transition.fr\/?p=2909"},"modified":"2025-04-02T11:01:44","modified_gmt":"2025-04-02T09:01:44","slug":"reunion-du-conseil-departemental-et-commission-permanente-du-27-mars-2025","status":"publish","type":"post","link":"https:\/\/www.vienne-en-transition.fr\/index.php\/2025\/04\/02\/reunion-du-conseil-departemental-et-commission-permanente-du-27-mars-2025\/","title":{"rendered":"R\u00e9union du Conseil D\u00e9partemental et Commission Permanente du 27 mars 2025"},"content":{"rendered":"\n<p>Ce jeudi avait lieu la derni\u00e8re s\u00e9ance avant le vote du budget d\u00e9but avril 2025. L&rsquo;occasion d&rsquo;aborder, entre autre, le rapport de la Chambre R\u00e9gionale des Comptes sur le D\u00e9partement de la Vienne.<\/p>\n\n\n\n<p><strong>Propos liminaires&nbsp;:<\/strong><\/p>\n\n\n\n<p>Gr\u00e9gory Vouh\u00e9 a fait une r\u00e9ponse du berger \u00e0 la berg\u00e8re aux \u00e9lus de droite suite \u00e0 leur derni\u00e8re tribune dans <em>Vienne Mag <\/em>:<\/p>\n\n\n\n<figure class=\"wp-block-image size-large\"><img loading=\"lazy\" decoding=\"async\" width=\"724\" height=\"1024\" src=\"https:\/\/www.vienne-en-transition.fr\/wp-content\/uploads\/2025\/04\/GV-27-03-citriques_page-0001-724x1024.jpg\" alt=\"\" class=\"wp-image-2910\" srcset=\"https:\/\/www.vienne-en-transition.fr\/wp-content\/uploads\/2025\/04\/GV-27-03-citriques_page-0001-724x1024.jpg 724w, https:\/\/www.vienne-en-transition.fr\/wp-content\/uploads\/2025\/04\/GV-27-03-citriques_page-0001-212x300.jpg 212w, https:\/\/www.vienne-en-transition.fr\/wp-content\/uploads\/2025\/04\/GV-27-03-citriques_page-0001-768x1087.jpg 768w, https:\/\/www.vienne-en-transition.fr\/wp-content\/uploads\/2025\/04\/GV-27-03-citriques_page-0001-1085x1536.jpg 1085w, https:\/\/www.vienne-en-transition.fr\/wp-content\/uploads\/2025\/04\/GV-27-03-citriques_page-0001.jpg 1240w\" sizes=\"auto, (max-width: 724px) 100vw, 724px\" \/><\/figure>\n\n\n\n<p>Le pr\u00e9sident du D\u00e9partement a fait une annonce d\u00e9plorable : les d\u00e9partements de Droite, du Centre et des Ind\u00e9pendants (72 sur 101) refusent d\u2019appliquer l\u2019augmentation du RSA d\u00e9cid\u00e9e par le gouvernement. Ils d\u00e9cident de laisser les CAF combler la diff\u00e9rence.<\/p>\n\n\n\n<p>Ludovic Devergne s\u2019est \u00e9tonn\u00e9 de cette d\u00e9cision&nbsp;: il ne pensait pas que la droite d\u00e9partementale \u00e9tait favorable \u00e0 la d\u00e9sob\u00e9issance civile. Surtout apr\u00e8s l\u2019avoir tant critiqu\u00e9e dans d\u2019autres domaines. Il a rappel\u00e9 que nous \u00e9voluons toutes et tous dans un \u00e9tat de droit, \u00e9lu\u00b7es comme simples citoyen\u00b7nes. La loi et les r\u00e8glements imposent donc des droits ainsi que des devoirs. \u00ab&nbsp;Nous sommes des r\u00e9publicains respectueux. On ne peut pas appeler au non-respect de la loi sur ce sujet \u00bb. Ludovic Devergne a rappel\u00e9 la n\u00e9cessit\u00e9 de ne pas fragiliser davantage les plus pr\u00e9caires, ce que provoquera cette d\u00e9cision de non-revalorisation du RSA.<\/p>\n\n\n\n<p>Il a ensuite abord\u00e9 la d\u00e9cision de la SNCF concernant la suppression du second TGV du matin Poitiers-Ch\u00e2tellerault-Paris. Il a d\u00e9nonc\u00e9 l\u2019irresponsabilit\u00e9 des entreprises 100% publiques, et \u00e9galement cit\u00e9 l\u2019exemple de la Poste, tout aussi irresponsable. Ces entreprises ne respectent pas leurs engagements, et attaquent la cr\u00e9dibilit\u00e9 de la parole publique. Le groupe Vienne en transition a bien entendu vot\u00e9 la motion propos\u00e9e, demandant \u00e0 la SNCF de revenir sur sa d\u00e9cision.<\/p>\n\n\n\n<figure class=\"wp-block-image size-large\"><img loading=\"lazy\" decoding=\"async\" width=\"1024\" height=\"731\" src=\"https:\/\/www.vienne-en-transition.fr\/wp-content\/uploads\/2025\/04\/Groupe-VF-1024x731.jpeg\" alt=\"\" class=\"wp-image-2911\" srcset=\"https:\/\/www.vienne-en-transition.fr\/wp-content\/uploads\/2025\/04\/Groupe-VF-1024x731.jpeg 1024w, https:\/\/www.vienne-en-transition.fr\/wp-content\/uploads\/2025\/04\/Groupe-VF-300x214.jpeg 300w, https:\/\/www.vienne-en-transition.fr\/wp-content\/uploads\/2025\/04\/Groupe-VF-768x549.jpeg 768w, https:\/\/www.vienne-en-transition.fr\/wp-content\/uploads\/2025\/04\/Groupe-VF-1536x1097.jpeg 1536w, https:\/\/www.vienne-en-transition.fr\/wp-content\/uploads\/2025\/04\/Groupe-VF-2048x1463.jpeg 2048w\" sizes=\"auto, (max-width: 1024px) 100vw, 1024px\" \/><\/figure>\n\n\n\n<p class=\"has-text-align-center\"><em>La Vienne en transition en s\u00e9ance<\/em><\/p>\n\n\n\n<p><strong>R\u00e9union du Conseil D\u00e9partemental&nbsp;:<\/strong><\/p>\n\n\n\n<p>Deux d\u00e9lib\u00e9rations \u00e9taient propos\u00e9es&nbsp;:<\/p>\n\n\n\n<ul class=\"wp-block-list\">\n<li>Le rapport de la Chambre R\u00e9gionale des Comptes sur la gestion du D\u00e9partement depuis 2017<\/li>\n<\/ul>\n\n\n\n<p>Florence Harris et Ludovic Devergne sont intervenu\u00b7es sur ce rapport.<\/p>\n\n\n\n<p>Ludovic Devergne a rappel\u00e9 que la r\u00e9ussite de l\u2019exploitation de l\u2019Ar\u00e9na est ind\u00e9niable. Ce succ\u00e8s est \u00e0 mettre en regard avec la dette g\u00e9n\u00e9r\u00e9e par la construction d\u2019un tel \u00e9quipement (69.7 millions d\u2019euros selon la Chambre R\u00e9gionale des Comptes). A cela s\u2019ajoutent 300&nbsp;000\u20ac d\u00e9pens\u00e9s pour l\u2019inauguration de la structure. Toujours selon la Chambre R\u00e9gionale des Comptes, la dette du D\u00e9partement a augment\u00e9 de 20% suite \u00e0 cet investissement, passant de 178.8 millions en 2017 \u00e0 226.2 millions en 2023.<\/p>\n\n\n\n<p>Le rapport pointe aussi des montages juridiques et financiers complexes, rendant la compr\u00e9hension difficile, tant par les \u00e9lu\u00b7es que par les citoyen\u00b7nes. Le rapport fait \u00e9galement \u00e9tat d\u2019une vice-pr\u00e9sidente qui n\u2019a pas respect\u00e9 les d\u00e9lais de d\u00e9claration d\u2019int\u00e9r\u00eats de la HATVP (Haute Autorit\u00e9 pour la Transparence de la Vie Publique), au moment de l\u2019\u00e9dition du rapport, ce qui est questionnant. Florence Harris a demand\u00e9 des pr\u00e9cisions sur ces informations et qui cela concernait. Le pr\u00e9sident Pichon lui a r\u00e9pondu qu\u2019elle devait demander \u00e0 la HATVP.<\/p>\n\n\n\n<p>Florence Harris a aussi demand\u00e9 la mise en place d\u2019un partenariat avec le Secours Populaire&nbsp;: \u00ab Permettez-moi d&rsquo;honorer un engagement que j&rsquo;avais pris depuis longtemps. Puisque que l&rsquo;ARENA pr\u00e9sente, selon vos derniers propos, un bilan financier plut\u00f4t positif, est-ce que ses finances seraient mises en p\u00e9ril si elle acceptait de conclure un partenariat avec le Secours populaire qui en propose un depuis des ann\u00e9es pour permettre \u00e0 quelques b\u00e9n\u00e9ficiaires d&rsquo;assister \u00e0 des spectacles. Jusqu&rsquo;\u00e0 maintenant, il n&rsquo;y a eu aucune r\u00e9ponse. Je ne sais pas si je m&rsquo;adresse \u00e0 la bonne personne, le D\u00e9partement ou l&rsquo;ARENA, mais ce serait bien que le Secours populaire ait une r\u00e9ponse.&nbsp;\u00bb Sa demande a \u00e9t\u00e9 re\u00e7ue positivement.<\/p>\n\n\n\n<p>Concernant l&rsquo;inauguration de l&rsquo;ARENA, il est fait \u00e9tat d&rsquo;un avenant au contrat qui a \u00e9t\u00e9 pass\u00e9, qui revient \u00e0 accorder au partenaire une subvention en contrepartie d\u2019un service rendu, proscrite dans le cadre d\u2019un march\u00e9 de partenariat.<\/p>\n\n\n\n<p>Florence Harris a demand\u00e9 si le pr\u00e9sident pouvait fournir des explications, celle donn\u00e9e dans la r\u00e9ponse \u00e0 la Chambre R\u00e9gionale des Comptes n\u2019\u00e9tant pas convaincante. Le pr\u00e9sident donnera plus tard sa r\u00e9ponse. Pour rappel, cette convention octroyait 300 000 \u20ac HT \u00e0 l\u2019Arena pour son inauguration, sur un budget total de 852&nbsp;172\u20ac HT.<\/p>\n\n\n\n<figure class=\"wp-block-image size-large\"><img loading=\"lazy\" decoding=\"async\" width=\"1024\" height=\"683\" src=\"https:\/\/www.vienne-en-transition.fr\/wp-content\/uploads\/2025\/04\/Florence-VF-1024x683.jpg\" alt=\"\" class=\"wp-image-2912\" srcset=\"https:\/\/www.vienne-en-transition.fr\/wp-content\/uploads\/2025\/04\/Florence-VF-1024x683.jpg 1024w, https:\/\/www.vienne-en-transition.fr\/wp-content\/uploads\/2025\/04\/Florence-VF-300x200.jpg 300w, https:\/\/www.vienne-en-transition.fr\/wp-content\/uploads\/2025\/04\/Florence-VF-768x512.jpg 768w, https:\/\/www.vienne-en-transition.fr\/wp-content\/uploads\/2025\/04\/Florence-VF-1536x1024.jpg 1536w, https:\/\/www.vienne-en-transition.fr\/wp-content\/uploads\/2025\/04\/Florence-VF-2048x1365.jpg 2048w\" sizes=\"auto, (max-width: 1024px) 100vw, 1024px\" \/><\/figure>\n\n\n\n<p class=\"has-text-align-center\"><em>Florence Harris en s\u00e9ance<\/em><\/p>\n\n\n\n<ul class=\"wp-block-list\">\n<li>L\u2019augmentation des droits de mutation \u00e0 titre on\u00e9reux (DMTO)<\/li>\n<\/ul>\n\n\n\n<p>Ces frais, commun\u00e9ment appel\u00e9s frais de notaires, sont pay\u00e9s lors de l\u2019achat d\u2019un bien immobilier. Le D\u00e9partement propose de faire passer le taux de 4.5% \u00e0 5%.<\/p>\n\n\n\n<p>Gr\u00e9gory Vouh\u00e9 a encore d\u00e9nonc\u00e9 le co\u00fbt exorbitant de l\u2019Historial&nbsp;: plus d\u2019un million et demi d\u2019euros depuis le d\u00e9but du mandat&nbsp;:<\/p>\n\n\n\n<figure class=\"wp-block-image size-large\"><img loading=\"lazy\" decoding=\"async\" width=\"724\" height=\"1024\" src=\"https:\/\/www.vienne-en-transition.fr\/wp-content\/uploads\/2025\/04\/GV-27-03-DMTO_page-0001-724x1024.jpg\" alt=\"\" class=\"wp-image-2913\" srcset=\"https:\/\/www.vienne-en-transition.fr\/wp-content\/uploads\/2025\/04\/GV-27-03-DMTO_page-0001-724x1024.jpg 724w, https:\/\/www.vienne-en-transition.fr\/wp-content\/uploads\/2025\/04\/GV-27-03-DMTO_page-0001-212x300.jpg 212w, https:\/\/www.vienne-en-transition.fr\/wp-content\/uploads\/2025\/04\/GV-27-03-DMTO_page-0001-768x1087.jpg 768w, https:\/\/www.vienne-en-transition.fr\/wp-content\/uploads\/2025\/04\/GV-27-03-DMTO_page-0001-1085x1536.jpg 1085w, https:\/\/www.vienne-en-transition.fr\/wp-content\/uploads\/2025\/04\/GV-27-03-DMTO_page-0001.jpg 1240w\" sizes=\"auto, (max-width: 724px) 100vw, 724px\" \/><\/figure>\n\n\n\n<p>Ludovic Devergne a donn\u00e9 un exemple de montant de DMTO au profit du D\u00e9partement. Pour une transaction immobili\u00e8re de 200&nbsp;000\u20ac (hors primo-acc\u00e9dant), avant la hausse des DMTO : 9&nbsp;000\u20ac (200&nbsp;000\u20ac x 0.045). Avec hausse, cela reviendra \u00e0 10&nbsp;000\u20ac (200&nbsp;000 x 0.05). Cela repr\u00e9sente une hausse de 11.1% du montant pay\u00e9 par les acheteurs.<\/p>\n\n\n\n<p>En \u00e9lu\u00b7es responsables, compte tenu de la situation financi\u00e8re du D\u00e9partement, les \u00e9lu\u00b7es Vienne en Transition n\u2019ont pas souhait\u00e9 vot\u00e9 contre. Gr\u00e9gory Vouh\u00e9 et Ludovic Devergne se sont abstenus. Florence Harris et Sarah Rhallab ont vot\u00e9 pour.<\/p>\n\n\n\n<p><strong>Commission Permanente&nbsp;:<\/strong><\/p>\n\n\n\n<ul class=\"wp-block-list\">\n<li>D\u00e9lib\u00e9ration 1&nbsp;: Enjeux des gestions de l\u2019eau et d\u2019inondation des bassins Loire-Bretagne et Adour-Garonne<\/li>\n<\/ul>\n\n\n\n<p>Gr\u00e9gory Vouh\u00e9 a une nouvelle fois plaid\u00e9 pour une meilleure qualit\u00e9 de l\u2019eau, en relayant notamment l\u2019avis du CESER Nouvelle-Aquitaine&nbsp;:<\/p>\n\n\n\n<figure class=\"wp-block-image size-large\"><img loading=\"lazy\" decoding=\"async\" width=\"724\" height=\"1024\" src=\"https:\/\/www.vienne-en-transition.fr\/wp-content\/uploads\/2025\/04\/GV-CP-27-03-EAU_page-0001-724x1024.jpg\" alt=\"\" class=\"wp-image-2914\" srcset=\"https:\/\/www.vienne-en-transition.fr\/wp-content\/uploads\/2025\/04\/GV-CP-27-03-EAU_page-0001-724x1024.jpg 724w, https:\/\/www.vienne-en-transition.fr\/wp-content\/uploads\/2025\/04\/GV-CP-27-03-EAU_page-0001-212x300.jpg 212w, https:\/\/www.vienne-en-transition.fr\/wp-content\/uploads\/2025\/04\/GV-CP-27-03-EAU_page-0001-768x1087.jpg 768w, https:\/\/www.vienne-en-transition.fr\/wp-content\/uploads\/2025\/04\/GV-CP-27-03-EAU_page-0001-1085x1536.jpg 1085w, https:\/\/www.vienne-en-transition.fr\/wp-content\/uploads\/2025\/04\/GV-CP-27-03-EAU_page-0001.jpg 1240w\" sizes=\"auto, (max-width: 724px) 100vw, 724px\" \/><\/figure>\n\n\n\n<figure class=\"wp-block-image size-large\"><img loading=\"lazy\" decoding=\"async\" width=\"1024\" height=\"768\" src=\"https:\/\/www.vienne-en-transition.fr\/wp-content\/uploads\/2025\/04\/Gregory-VF-1024x768.jpeg\" alt=\"\" class=\"wp-image-2915\" srcset=\"https:\/\/www.vienne-en-transition.fr\/wp-content\/uploads\/2025\/04\/Gregory-VF-1024x768.jpeg 1024w, https:\/\/www.vienne-en-transition.fr\/wp-content\/uploads\/2025\/04\/Gregory-VF-300x225.jpeg 300w, https:\/\/www.vienne-en-transition.fr\/wp-content\/uploads\/2025\/04\/Gregory-VF-768x576.jpeg 768w, https:\/\/www.vienne-en-transition.fr\/wp-content\/uploads\/2025\/04\/Gregory-VF-1536x1152.jpeg 1536w, https:\/\/www.vienne-en-transition.fr\/wp-content\/uploads\/2025\/04\/Gregory-VF-2048x1536.jpeg 2048w\" sizes=\"auto, (max-width: 1024px) 100vw, 1024px\" \/><\/figure>\n\n\n\n<p class=\"has-text-align-center\"><em>Gr\u00e9gory Vouh\u00e9 en s\u00e9ance<\/em><\/p>\n\n\n\n<p>Le groupe s\u2019est abstenu sur cette d\u00e9lib\u00e9ration<\/p>\n\n\n\n<ul class=\"wp-block-list\">\n<li>D\u00e9lib\u00e9ration 5&nbsp;: Programme ACTIV Volet 2 \u2013 Projets de territoire<\/li>\n<\/ul>\n\n\n\n<p>Ludovic Devergne a questionn\u00e9 l\u2019avanc\u00e9e du projet de territoire avec Grand Poitiers et ses communes, car l\u2019agglom\u00e9ration n\u2019a pas encore eu de retour du Conseil d\u00e9partemental. R\u00e9ponse lui a \u00e9t\u00e9 faite que les dossiers pr\u00e9sent\u00e9s par Grand Poitiers ne convenaient pas totalement aux priorit\u00e9s d\u00e9partementales. Il est tr\u00e8s \u00e9tonnant que les projets de territoires des autres intercommunalit\u00e9s b\u00e9n\u00e9ficient des aides du D\u00e9partement et que celui de Grand Poitiers n\u2019en ait pas encore b\u00e9n\u00e9fici\u00e9. Nous sommes presque \u00e0 la fin de la programmation 2022-2026, qui pr\u00e9voit 8 millions 640&nbsp;000\u20ac pour Grand Poitiers&nbsp;: aucun euro n\u2019a \u00e9t\u00e9 vers\u00e9 \u00e0 ce jour.<\/p>\n\n\n\n<figure class=\"wp-block-image size-large\"><img loading=\"lazy\" decoding=\"async\" width=\"1024\" height=\"683\" src=\"https:\/\/www.vienne-en-transition.fr\/wp-content\/uploads\/2025\/04\/Ludo-1-1024x683.jpg\" alt=\"\" class=\"wp-image-2916\" srcset=\"https:\/\/www.vienne-en-transition.fr\/wp-content\/uploads\/2025\/04\/Ludo-1-1024x683.jpg 1024w, https:\/\/www.vienne-en-transition.fr\/wp-content\/uploads\/2025\/04\/Ludo-1-300x200.jpg 300w, https:\/\/www.vienne-en-transition.fr\/wp-content\/uploads\/2025\/04\/Ludo-1-768x512.jpg 768w, https:\/\/www.vienne-en-transition.fr\/wp-content\/uploads\/2025\/04\/Ludo-1-1536x1024.jpg 1536w, https:\/\/www.vienne-en-transition.fr\/wp-content\/uploads\/2025\/04\/Ludo-1-2048x1365.jpg 2048w\" sizes=\"auto, (max-width: 1024px) 100vw, 1024px\" \/><\/figure>\n\n\n\n<p class=\"has-text-align-center\"><em>Ludovic Devergne en s\u00e9ance<\/em><\/p>\n\n\n\n<p><\/p>\n","protected":false},"excerpt":{"rendered":"<p>Ce jeudi avait lieu la derni\u00e8re s\u00e9ance avant le vote du budget d\u00e9but avril 2025. L&rsquo;occasion d&rsquo;aborder, entre autre, le [&hellip;]<\/p>\n","protected":false},"author":1,"featured_media":2911,"comment_status":"open","ping_status":"open","sticky":false,"template":"","format":"standard","meta":{"site-sidebar-layout":"default","site-content-layout":"","ast-site-content-layout":"","site-content-style":"default","site-sidebar-style":"default","ast-global-header-display":"","ast-banner-title-visibility":"","ast-main-header-display":"","ast-hfb-above-header-display":"","ast-hfb-below-header-display":"","ast-hfb-mobile-header-display":"","site-post-title":"","ast-breadcrumbs-content":"","ast-featured-img":"","footer-sml-layout":"","theme-transparent-header-meta":"","adv-header-id-meta":"","stick-header-meta":"","header-above-stick-meta":"","header-main-stick-meta":"","header-below-stick-meta":"","astra-migrate-meta-layouts":"default","ast-page-background-enabled":"default","ast-page-background-meta":{"desktop":{"background-color":"var(--ast-global-color-5)","background-image":"","background-repeat":"repeat","background-position":"center center","background-size":"auto","background-attachment":"scroll","background-type":"","background-media":"","overlay-type":"","overlay-color":"","overlay-opacity":"","overlay-gradient":""},"tablet":{"background-color":"","background-image":"","background-repeat":"repeat","background-position":"center center","background-size":"auto","background-attachment":"scroll","background-type":"","background-media":"","overlay-type":"","overlay-color":"","overlay-opacity":"","overlay-gradient":""},"mobile":{"background-color":"","background-image":"","background-repeat":"repeat","background-position":"center center","background-size":"auto","background-attachment":"scroll","background-type":"","background-media":"","overlay-type":"","overlay-color":"","overlay-opacity":"","overlay-gradient":""}},"ast-content-background-meta":{"desktop":{"background-color":"var(--ast-global-color-4)","background-image":"","background-repeat":"repeat","background-position":"center center","background-size":"auto","background-attachment":"scroll","background-type":"","background-media":"","overlay-type":"","overlay-color":"","overlay-opacity":"","overlay-gradient":""},"tablet":{"background-color":"var(--ast-global-color-4)","background-image":"","background-repeat":"repeat","background-position":"center center","background-size":"auto","background-attachment":"scroll","background-type":"","background-media":"","overlay-type":"","overlay-color":"","overlay-opacity":"","overlay-gradient":""},"mobile":{"background-color":"var(--ast-global-color-4)","background-image":"","background-repeat":"repeat","background-position":"center center","background-size":"auto","background-attachment":"scroll","background-type":"","background-media":"","overlay-type":"","overlay-color":"","overlay-opacity":"","overlay-gradient":""}},"footnotes":""},"categories":[40,69],"tags":[61,55,39,58],"class_list":["post-2909","post","type-post","status-publish","format-standard","has-post-thumbnail","hentry","category-nos-interventions","category-nos-interventions-en-seances","tag-61","tag-aides","tag-seance","tag-solidarite"],"_links":{"self":[{"href":"https:\/\/www.vienne-en-transition.fr\/index.php\/wp-json\/wp\/v2\/posts\/2909","targetHints":{"allow":["GET"]}}],"collection":[{"href":"https:\/\/www.vienne-en-transition.fr\/index.php\/wp-json\/wp\/v2\/posts"}],"about":[{"href":"https:\/\/www.vienne-en-transition.fr\/index.php\/wp-json\/wp\/v2\/types\/post"}],"author":[{"embeddable":true,"href":"https:\/\/www.vienne-en-transition.fr\/index.php\/wp-json\/wp\/v2\/users\/1"}],"replies":[{"embeddable":true,"href":"https:\/\/www.vienne-en-transition.fr\/index.php\/wp-json\/wp\/v2\/comments?post=2909"}],"version-history":[{"count":3,"href":"https:\/\/www.vienne-en-transition.fr\/index.php\/wp-json\/wp\/v2\/posts\/2909\/revisions"}],"predecessor-version":[{"id":2922,"href":"https:\/\/www.vienne-en-transition.fr\/index.php\/wp-json\/wp\/v2\/posts\/2909\/revisions\/2922"}],"wp:featuredmedia":[{"embeddable":true,"href":"https:\/\/www.vienne-en-transition.fr\/index.php\/wp-json\/wp\/v2\/media\/2911"}],"wp:attachment":[{"href":"https:\/\/www.vienne-en-transition.fr\/index.php\/wp-json\/wp\/v2\/media?parent=2909"}],"wp:term":[{"taxonomy":"category","embeddable":true,"href":"https:\/\/www.vienne-en-transition.fr\/index.php\/wp-json\/wp\/v2\/categories?post=2909"},{"taxonomy":"post_tag","embeddable":true,"href":"https:\/\/www.vienne-en-transition.fr\/index.php\/wp-json\/wp\/v2\/tags?post=2909"}],"curies":[{"name":"wp","href":"https:\/\/api.w.org\/{rel}","templated":true}]}}