{"id":2470,"date":"2024-06-24T14:38:03","date_gmt":"2024-06-24T12:38:03","guid":{"rendered":"https:\/\/www.vienne-en-transition.fr\/?p=2470"},"modified":"2024-09-13T15:09:01","modified_gmt":"2024-09-13T13:09:01","slug":"compte-rendu-de-la-decision-modificative-n1-du-21-juin-2024","status":"publish","type":"post","link":"https:\/\/www.vienne-en-transition.fr\/index.php\/2024\/06\/24\/compte-rendu-de-la-decision-modificative-n1-du-21-juin-2024\/","title":{"rendered":"Compte-rendu de la D\u00e9cision modificative n\u00b01 du 21 juin 2024"},"content":{"rendered":"\n<p>La s\u00e9ance du 21 juin s\u2019est d\u00e9roul\u00e9e dans son lieu habituel, la salle Ren\u00e9 Monory, \u00e0 l\u2019h\u00f4tel du D\u00e9partement.<\/p>\n\n\n\n<figure class=\"wp-block-image aligncenter size-large is-resized\"><img loading=\"lazy\" decoding=\"async\" width=\"1024\" height=\"683\" src=\"https:\/\/www.vienne-en-transition.fr\/wp-content\/uploads\/2024\/06\/VET-vote-contre2-1024x683.jpg\" alt=\"\" class=\"wp-image-2471\" style=\"width:616px;height:auto\" srcset=\"https:\/\/www.vienne-en-transition.fr\/wp-content\/uploads\/2024\/06\/VET-vote-contre2-1024x683.jpg 1024w, https:\/\/www.vienne-en-transition.fr\/wp-content\/uploads\/2024\/06\/VET-vote-contre2-300x200.jpg 300w, https:\/\/www.vienne-en-transition.fr\/wp-content\/uploads\/2024\/06\/VET-vote-contre2-768x512.jpg 768w, https:\/\/www.vienne-en-transition.fr\/wp-content\/uploads\/2024\/06\/VET-vote-contre2-1536x1024.jpg 1536w, https:\/\/www.vienne-en-transition.fr\/wp-content\/uploads\/2024\/06\/VET-vote-contre2-2048x1365.jpg 2048w\" sizes=\"auto, (max-width: 1024px) 100vw, 1024px\" \/><figcaption class=\"wp-element-caption\"><em>Les \u00e9lu\u00b7e\u00b7s de La Vienne en transition, en s\u00e9ance.<\/em><\/figcaption><\/figure>\n\n\n\n<p>Lors de ces s\u00e9ances, les \u00e9lu\u00b7e\u00b7s La Vienne en transition sont notamment intervenu\u00b7e\u00b7s sur les rapports suivants :<\/p>\n\n\n\n<!--more-->\n\n\n\n<p><strong>AVANT-PROPOS<\/strong><\/p>\n\n\n\n<p>Ludovic DEVERGNE est intervenu en r\u00e9action aux propos du Pr\u00e9sident du Conseil d\u00e9partemental concernant l\u2019actualit\u00e9 nationale et le n\u00e9cessaire esprit de responsabilit\u00e9 du futur gouvernement afin de donner de la marge de man\u0153uvre aux D\u00e9partements. Il a d\u00e9clar\u00e9\u00a0: \u00ab\u00a0Il y a une col\u00e8re qui s\u2019exprime. Je suis inquiet de voir qu\u2019apr\u00e8s la r\u00e9cente comm\u00e9moration de la Lib\u00e9ration on assiste \u00e0 une mont\u00e9e importante de l\u2019extr\u00eame-droite dans notre pays. On se rappelle que cette m\u00eame extr\u00eame-droite s\u2019est attaqu\u00e9e aux syndicats, aux partis et \u00e0 toute forme de critique dans la soci\u00e9t\u00e9 civile. Pour revenir sur notre actualit\u00e9 d\u00e9partementale, rappelez-vous, nous demandions il y a un an un coup de pouce pour les principaux CCAS de la Vienne. Vous l\u2019aviez refus\u00e9e. L\u00e0, sur l\u2019ADSEA86 vous trouvez 130 000\u20ac\u00a0: la moiti\u00e9 du chemin est fait, il reste 120\u00a0000\u20ac \u00e0 trouver. Cela est tout \u00e0 fait faisable. Entendez la mobilisation des salari\u00e9s, des b\u00e9n\u00e9ficiaires et des \u00e9lus. En ces temps troubl\u00e9s, il faut se souvenir que les \u00e9lus doivent \u00eatre \u00e0 l\u2019\u00e9coute et se confronter \u00e0 la col\u00e8re populaire\u00a0\u00bb.<\/p>\n\n\n\n<figure class=\"wp-block-image aligncenter size-large is-resized\"><img loading=\"lazy\" decoding=\"async\" width=\"1024\" height=\"727\" src=\"https:\/\/www.vienne-en-transition.fr\/wp-content\/uploads\/2024\/06\/LD22-1024x727.jpg\" alt=\"\" class=\"wp-image-2472\" style=\"width:632px;height:auto\" srcset=\"https:\/\/www.vienne-en-transition.fr\/wp-content\/uploads\/2024\/06\/LD22-1024x727.jpg 1024w, https:\/\/www.vienne-en-transition.fr\/wp-content\/uploads\/2024\/06\/LD22-300x213.jpg 300w, https:\/\/www.vienne-en-transition.fr\/wp-content\/uploads\/2024\/06\/LD22-768x545.jpg 768w, https:\/\/www.vienne-en-transition.fr\/wp-content\/uploads\/2024\/06\/LD22-1536x1091.jpg 1536w, https:\/\/www.vienne-en-transition.fr\/wp-content\/uploads\/2024\/06\/LD22-2048x1454.jpg 2048w\" sizes=\"auto, (max-width: 1024px) 100vw, 1024px\" \/><figcaption class=\"wp-element-caption\">Ludovic Devergne, en s\u00e9ance.<\/figcaption><\/figure>\n\n\n\n<p><strong>La taxe d&rsquo;am\u00e9nagement : Modification du taux de la part d\u00e9partementale (n\u00b01)<\/strong><\/p>\n\n\n\n<p>Ludovic DEVERGNE a souhait\u00e9 alerter la majorit\u00e9 d\u00e9partementale\u00a0: \u00ab\u00a0Nous voterons cette hausse mais il faut r\u00e9aliser que c\u2019est une somme importante. En passant ce taux de 1 \u00e0 2,5%, comme vous venez de nous le dire, c\u2019est 600\u20ac de plus \u00e0 payer pour les citoyens. N\u2019oublions pas qu\u2019au niveau de la communaut\u00e9 urbaine, Grand Poitiers a \u00e9galement d\u00e9cid\u00e9 d\u2019augmenter cette taxe. Soyons vigilants.\u00a0\u00bb<\/p>\n\n\n\n<p>Les \u00e9lu\u00b7e\u00b7s ont vot\u00e9 pour ce projet de d\u00e9lib\u00e9ration.<\/p>\n\n\n\n<p><strong>Politique culturelle (n\u00b012)<\/strong><\/p>\n\n\n\n<p>Gr\u00e9gory VOUH\u00c9 a demand\u00e9 l&rsquo;examen par la Commission Culture du dossier du Centre d&rsquo;\u00e9tudes sup\u00e9rieures de civilisation m\u00e9di\u00e9vale (CESCM) concernant son colloque sur l\u2019art roman :<\/p>\n\n\n\n<p>\u00ab\u00a0Il y a eu une tr\u00e8s forte affluence \u00e0 la conf\u00e9rence de Michel Pastoureau, \u00e0 laquelle j&rsquo;ai eu le chance de pouvoir assister aux c\u00f4t\u00e9s de pas moins de 250 personnes. Sans compter la centaine de d\u00e9\u00e7us qui n&rsquo;ont pu ni entrer ni r\u00e9server car les deux salles \u00e9taient archi-combles. Un beau succ\u00e8s qui d\u00e9ment donc la conjecture selon laquelle la manifestation n&rsquo;aurait \u2013 soi-disant \u2013 pas int\u00e9ress\u00e9 le grand public. Puisqu&rsquo;il y a eu manifestement erreur d&rsquo;appr\u00e9ciation, je demande que le dossier puisse \u00eatre examin\u00e9 par la commission, ce qui n&rsquo;a m\u00eame pas \u00e9t\u00e9 le cas. Je vous en remercie par avance.\u00a0\u00bb<\/p>\n\n\n\n<figure class=\"wp-block-image aligncenter size-large is-resized\"><img loading=\"lazy\" decoding=\"async\" width=\"1024\" height=\"683\" src=\"https:\/\/www.vienne-en-transition.fr\/wp-content\/uploads\/2024\/06\/GV2-1024x683.jpg\" alt=\"\" class=\"wp-image-2473\" style=\"width:637px;height:auto\" srcset=\"https:\/\/www.vienne-en-transition.fr\/wp-content\/uploads\/2024\/06\/GV2-1024x683.jpg 1024w, https:\/\/www.vienne-en-transition.fr\/wp-content\/uploads\/2024\/06\/GV2-300x200.jpg 300w, https:\/\/www.vienne-en-transition.fr\/wp-content\/uploads\/2024\/06\/GV2-768x512.jpg 768w, https:\/\/www.vienne-en-transition.fr\/wp-content\/uploads\/2024\/06\/GV2-1536x1024.jpg 1536w, https:\/\/www.vienne-en-transition.fr\/wp-content\/uploads\/2024\/06\/GV2-2048x1365.jpg 2048w\" sizes=\"auto, (max-width: 1024px) 100vw, 1024px\" \/><figcaption class=\"wp-element-caption\">Gr\u00e9gory Vouh\u00e9, en s\u00e9ance.<\/figcaption><\/figure>\n\n\n\n<p><strong>Dissolution du Syndicat Mixte de l&rsquo;\u00c9cole Sup\u00e9rieure de Commerce de la Vienne : Reprise des r\u00e9sultats de cl\u00f4ture de l&rsquo;exercice 2023 (n\u00b016)<\/strong><\/p>\n\n\n\n<p>Ludovic DEVERGNE est intervenu pour saluer la fin de ce \u00ab\u00a0film d\u2019horreur pour les finances publiques\u00a0\u00bb. Il a d\u00e9clar\u00e9\u00a0: \u00ab\u00a0On r\u00e9cup\u00e8re un tout petit peu d\u2019argent, mais le D\u00e9partement a perdu pr\u00e8s de 4M\u20ac sur ce dossier. Toute collectivit\u00e9 confondue, c\u2019est 15M\u20ac qui s\u2019envolent. Il faudra \u00eatre tr\u00e8s prudent \u00e0 l\u2019avenir avant de s\u2019engager sur ce genre de dossier.\u00a0\u00bb<\/p>\n\n\n\n<p><strong>Rapports financier et d&rsquo;activit\u00e9s des services pour 2023 (n\u00b017)<\/strong><\/p>\n\n\n\n<p>Ludovic DEVERGNE a souhait\u00e9 commenter le rapport d\u2019activit\u00e9 des services\u00a0: \u00ab\u00a0Nous saluons bien \u00e9videmment le travail de qualit\u00e9 fourni par les services. Nous avons cependant not\u00e9 une phrase int\u00e9ressante \u00e0 la page n\u00b0350 dans l\u2019\u00e9dito du Pr\u00e9sident\u00a0: <em>\u2018\u2019<\/em> [\u2026] <em>Plus solidaire, en renfor\u00e7ant nos actions aupr\u00e8s de tous les publics en situation de fragilit\u00e9 [\u2026] \u2018\u2019<\/em>. Sur le sujet des \u00e9ducateurs de rue et la baisse de 250\u00a0000\u20ac \u00e0 l\u2019ADSEA86 act\u00e9e par votre majorit\u00e9, on ne peut pas dire qu\u2019on renforce notre action sur le domaine.\u00a0\u00bb<\/p>\n\n\n\n<p><strong>D\u00e9cision modificative n\u00b01 de 2024 (n\u00b023)<\/strong><\/p>\n\n\n\n<p>Ludovic DEVERGNE a expliqu\u00e9 la position du groupe La Vienne en transition sur cette D\u00e9cision modificative n\u00b01\u00a0: \u00ab\u00a0L\u2019action sociale occupe la part majoritaire du budget\u00a0: c\u2019est tout \u00e0 fait normal, c\u2019est une comp\u00e9tence obligatoire. Dans notre d\u00e9partement, on constate que la pauvret\u00e9 a tendance \u00e0 augmenter. L\u2019\u00c9tat a sa part de responsabilit\u00e9 et semble trop inefficace pour traiter ces sujets. Nous sommes des \u00e9lus responsables et nous ne nions pas la situation budg\u00e9taire difficile que nous traversons. Vous nous dites de faire des propositions, mais nous en avions fait par le pass\u00e9\u00a0: baisser la subvention \u00e0 l\u2019a\u00e9roport maintenue \u00e0 1,4M\u20ac, r\u00e9duire la voilure sur la r\u00e9novation de la sonorisation de notre salle des d\u00e9lib\u00e9rations (700\u00a0000\u20ac) \u2026 Rajouter 120\u00a0000\u20ac \u00e0 l\u2019ADSEA86 c\u2019est 0,02% du budget\u00a0d\u00e9partemental : c\u2019est donc largement faisable. Cela aurait \u00e9t\u00e9 un signal fort vis-\u00e0-vis de l\u2019ADSEA 86 mais on ne retrouve rien dans la DM. C\u2019est un choix politique\u00a0: vous vous ent\u00eatez sur le sujet, malgr\u00e9 la mobilisation des salari\u00e9s et la demande de l\u2019ADSEA. Il ne faut pas rester sourds aux appels des familles et des salari\u00e9s. Il sera encore possible de faire un geste lors de la prochaine DM, en septembre. Comme vous maintenez cette baisse malgr\u00e9 cet exc\u00e9dent budg\u00e9taire de 5,98M\u20ac, nous voterons contre cette D\u00e9cision modificative \u00bb.<\/p>\n\n\n\n<p>Florence HARRIS a ajout\u00e9\u00a0: \u00ab\u00a0Depuis le d\u00e9but de notre mandat, notre position en faveur du social a \u00e9t\u00e9 constante et nous n&rsquo;avons pas chang\u00e9 d&rsquo;opinion au fur et \u00e0 mesure des tractations, contrairement \u00e0 certains de nos coll\u00e8gues. M. EIDELSTEIN [Vice-pr\u00e9sident aux finances], vous avez d\u00e9clar\u00e9 que les chiffres parlaient. Je ne savais pas que les chiffres commandaient le Conseil d\u00e9partemental. Nous sommes des femmes et des hommes politiques responsables. Lorsque qu&rsquo;on ne veut pas aider l&rsquo;ADSEA, qu&rsquo;on refuse d&rsquo;augmenter le budget du SDIS, qu&rsquo;on lance un audit \u00e0 Larnay Sagesse dont les futurs r\u00e9sultats m&rsquo;inqui\u00e8tent, on fait un choix politique. 250 000 \u20ac, c&rsquo;est 23 fois moins que l&rsquo;exc\u00e9dent 2023, c&rsquo;est-\u00e0-dire que l&rsquo;on pourrait maintenir ces 250 000 \u20ac pendant 23 ans. Vous avez fait le choix politique de supprimer 5 postes \u00e0 l&rsquo;ADSEA pour la pr\u00e9vention sp\u00e9cialis\u00e9e. En ces circonstances politiques incertaines, je rencontre des gens qui ont encore de l&rsquo;espoir.\u00a0\u00bb<\/p>\n\n\n\n<figure class=\"wp-block-image aligncenter size-large is-resized\"><img loading=\"lazy\" decoding=\"async\" width=\"1024\" height=\"826\" src=\"https:\/\/www.vienne-en-transition.fr\/wp-content\/uploads\/2024\/06\/FH2-1024x826.jpg\" alt=\"\" class=\"wp-image-2474\" style=\"width:632px;height:auto\" srcset=\"https:\/\/www.vienne-en-transition.fr\/wp-content\/uploads\/2024\/06\/FH2-1024x826.jpg 1024w, https:\/\/www.vienne-en-transition.fr\/wp-content\/uploads\/2024\/06\/FH2-300x242.jpg 300w, https:\/\/www.vienne-en-transition.fr\/wp-content\/uploads\/2024\/06\/FH2-768x619.jpg 768w, https:\/\/www.vienne-en-transition.fr\/wp-content\/uploads\/2024\/06\/FH2-1536x1239.jpg 1536w, https:\/\/www.vienne-en-transition.fr\/wp-content\/uploads\/2024\/06\/FH2-2048x1651.jpg 2048w\" sizes=\"auto, (max-width: 1024px) 100vw, 1024px\" \/><figcaption class=\"wp-element-caption\">Florence Harris, en s\u00e9ance.<\/figcaption><\/figure>\n\n\n\n<p>Les \u00e9lu\u00b7e\u00b7s ont vot\u00e9 contre ce projet de d\u00e9lib\u00e9ration.<\/p>\n\n\n\n<figure class=\"wp-block-image aligncenter size-large is-resized\"><img loading=\"lazy\" decoding=\"async\" width=\"1024\" height=\"683\" src=\"https:\/\/www.vienne-en-transition.fr\/wp-content\/uploads\/2024\/06\/ADSEA2-1024x683.jpg\" alt=\"\" class=\"wp-image-2475\" style=\"width:625px;height:auto\" srcset=\"https:\/\/www.vienne-en-transition.fr\/wp-content\/uploads\/2024\/06\/ADSEA2-1024x683.jpg 1024w, https:\/\/www.vienne-en-transition.fr\/wp-content\/uploads\/2024\/06\/ADSEA2-300x200.jpg 300w, https:\/\/www.vienne-en-transition.fr\/wp-content\/uploads\/2024\/06\/ADSEA2-768x512.jpg 768w, https:\/\/www.vienne-en-transition.fr\/wp-content\/uploads\/2024\/06\/ADSEA2-1536x1024.jpg 1536w, https:\/\/www.vienne-en-transition.fr\/wp-content\/uploads\/2024\/06\/ADSEA2-2048x1365.jpg 2048w\" sizes=\"auto, (max-width: 1024px) 100vw, 1024px\" \/><figcaption class=\"wp-element-caption\">Apr\u00e8s la s\u00e9ance, les \u00e9lu\u00b7e\u00b7s La Vienne en transition sont retourn\u00e9s \u00e9changer aux c\u00f4t\u00e9s des salari\u00e9\u00b7e\u00b7s de l&rsquo;ADSEA86.<\/figcaption><\/figure>\n","protected":false},"excerpt":{"rendered":"<p>La s\u00e9ance du 21 juin s\u2019est d\u00e9roul\u00e9e dans son lieu habituel, la salle Ren\u00e9 Monory, \u00e0 l\u2019h\u00f4tel du D\u00e9partement. Lors [&hellip;]<\/p>\n","protected":false},"author":1,"featured_media":0,"comment_status":"open","ping_status":"open","sticky":false,"template":"","format":"standard","meta":{"site-sidebar-layout":"default","site-content-layout":"","ast-site-content-layout":"","site-content-style":"default","site-sidebar-style":"default","ast-global-header-display":"","ast-banner-title-visibility":"","ast-main-header-display":"","ast-hfb-above-header-display":"","ast-hfb-below-header-display":"","ast-hfb-mobile-header-display":"","site-post-title":"","ast-breadcrumbs-content":"","ast-featured-img":"","footer-sml-layout":"","theme-transparent-header-meta":"","adv-header-id-meta":"","stick-header-meta":"","header-above-stick-meta":"","header-main-stick-meta":"","header-below-stick-meta":"","astra-migrate-meta-layouts":"default","ast-page-background-enabled":"default","ast-page-background-meta":{"desktop":{"background-color":"var(--ast-global-color-5)","background-image":"","background-repeat":"repeat","background-position":"center center","background-size":"auto","background-attachment":"scroll","background-type":"","background-media":"","overlay-type":"","overlay-color":"","overlay-opacity":"","overlay-gradient":""},"tablet":{"background-color":"","background-image":"","background-repeat":"repeat","background-position":"center center","background-size":"auto","background-attachment":"scroll","background-type":"","background-media":"","overlay-type":"","overlay-color":"","overlay-opacity":"","overlay-gradient":""},"mobile":{"background-color":"","background-image":"","background-repeat":"repeat","background-position":"center center","background-size":"auto","background-attachment":"scroll","background-type":"","background-media":"","overlay-type":"","overlay-color":"","overlay-opacity":"","overlay-gradient":""}},"ast-content-background-meta":{"desktop":{"background-color":"var(--ast-global-color-4)","background-image":"","background-repeat":"repeat","background-position":"center center","background-size":"auto","background-attachment":"scroll","background-type":"","background-media":"","overlay-type":"","overlay-color":"","overlay-opacity":"","overlay-gradient":""},"tablet":{"background-color":"var(--ast-global-color-4)","background-image":"","background-repeat":"repeat","background-position":"center center","background-size":"auto","background-attachment":"scroll","background-type":"","background-media":"","overlay-type":"","overlay-color":"","overlay-opacity":"","overlay-gradient":""},"mobile":{"background-color":"var(--ast-global-color-4)","background-image":"","background-repeat":"repeat","background-position":"center center","background-size":"auto","background-attachment":"scroll","background-type":"","background-media":"","overlay-type":"","overlay-color":"","overlay-opacity":"","overlay-gradient":""}},"footnotes":""},"categories":[40],"tags":[47,39],"class_list":["post-2470","post","type-post","status-publish","format-standard","hentry","category-nos-interventions","tag-47","tag-seance"],"_links":{"self":[{"href":"https:\/\/www.vienne-en-transition.fr\/index.php\/wp-json\/wp\/v2\/posts\/2470","targetHints":{"allow":["GET"]}}],"collection":[{"href":"https:\/\/www.vienne-en-transition.fr\/index.php\/wp-json\/wp\/v2\/posts"}],"about":[{"href":"https:\/\/www.vienne-en-transition.fr\/index.php\/wp-json\/wp\/v2\/types\/post"}],"author":[{"embeddable":true,"href":"https:\/\/www.vienne-en-transition.fr\/index.php\/wp-json\/wp\/v2\/users\/1"}],"replies":[{"embeddable":true,"href":"https:\/\/www.vienne-en-transition.fr\/index.php\/wp-json\/wp\/v2\/comments?post=2470"}],"version-history":[{"count":2,"href":"https:\/\/www.vienne-en-transition.fr\/index.php\/wp-json\/wp\/v2\/posts\/2470\/revisions"}],"predecessor-version":[{"id":2477,"href":"https:\/\/www.vienne-en-transition.fr\/index.php\/wp-json\/wp\/v2\/posts\/2470\/revisions\/2477"}],"wp:attachment":[{"href":"https:\/\/www.vienne-en-transition.fr\/index.php\/wp-json\/wp\/v2\/media?parent=2470"}],"wp:term":[{"taxonomy":"category","embeddable":true,"href":"https:\/\/www.vienne-en-transition.fr\/index.php\/wp-json\/wp\/v2\/categories?post=2470"},{"taxonomy":"post_tag","embeddable":true,"href":"https:\/\/www.vienne-en-transition.fr\/index.php\/wp-json\/wp\/v2\/tags?post=2470"}],"curies":[{"name":"wp","href":"https:\/\/api.w.org\/{rel}","templated":true}]}}