{"id":2381,"date":"2023-10-20T15:36:30","date_gmt":"2023-10-20T13:36:30","guid":{"rendered":"https:\/\/www.vienne-en-transition.fr\/?p=2381"},"modified":"2023-10-20T15:36:31","modified_gmt":"2023-10-20T13:36:31","slug":"compte-rendu-de-la-commission-permanente-du-19-octobre-2023","status":"publish","type":"post","link":"https:\/\/www.vienne-en-transition.fr\/index.php\/2023\/10\/20\/compte-rendu-de-la-commission-permanente-du-19-octobre-2023\/","title":{"rendered":"Compte-rendu de la Commission permanente du 19 octobre 2023"},"content":{"rendered":"\n<p>La s\u00e9ance du 19 octobre s\u2019est d\u00e9roul\u00e9e dans son lieu habituel, la salle Ren\u00e9 Monory, \u00e0 l\u2019h\u00f4tel du D\u00e9partement. <\/p>\n\n\n\n<div class=\"wp-block-image\"><figure class=\"aligncenter size-large is-resized\"><img loading=\"lazy\" decoding=\"async\" src=\"https:\/\/www.vienne-en-transition.fr\/wp-content\/uploads\/2023\/10\/DSC22012-1024x659.jpg\" alt=\"\" class=\"wp-image-2385\" width=\"623\" height=\"400\" srcset=\"https:\/\/www.vienne-en-transition.fr\/wp-content\/uploads\/2023\/10\/DSC22012-1024x659.jpg 1024w, https:\/\/www.vienne-en-transition.fr\/wp-content\/uploads\/2023\/10\/DSC22012-300x193.jpg 300w, https:\/\/www.vienne-en-transition.fr\/wp-content\/uploads\/2023\/10\/DSC22012-768x494.jpg 768w, https:\/\/www.vienne-en-transition.fr\/wp-content\/uploads\/2023\/10\/DSC22012-1536x989.jpg 1536w, https:\/\/www.vienne-en-transition.fr\/wp-content\/uploads\/2023\/10\/DSC22012-2048x1319.jpg 2048w\" sizes=\"auto, (max-width: 623px) 100vw, 623px\" \/><figcaption><em>Les \u00e9lu\u00b7e\u00b7s de La Vienne en transition, en s\u00e9ance.<\/em><\/figcaption><\/figure><\/div>\n\n\n\n<p>Lors de cette s\u00e9ance, les \u00e9lu\u00b7e\u00b7s La Vienne en transition sont notamment intervenu\u00b7e\u00b7s sur les rapports\u00a0suivants :<\/p>\n\n\n\n<!--more-->\n\n\n\n<p><strong>AVANT-PROPOS<\/strong><\/p>\n\n\n\n<p>Ludovic DEVERGNE est intervenu pour s\u2019associer aux propos du Pr\u00e9sident du Conseil d\u00e9partemental concernant l\u2019assassinat du professeur de fran\u00e7ais Dominique BERNARD \u00e0 Arras survenu il y a quelques jours. Il a rappel\u00e9 la p\u00e9riode difficile que traverse la R\u00e9publique, menac\u00e9e par l\u2019embrigadement et la radicalisation. Il a not\u00e9 le paradoxe entre croire en Dieu et tuer en son nom\u00a0: \u00ab\u00a0<em>c\u2019est un oxymore<\/em>\u00a0\u00bb. Il a conclu en condamnant cette attaque contre la d\u00e9mocratie qui profite aux r\u00e9gimes autoritaires et a souhait\u00e9 r\u00e9affirmer le soutien du groupe Vienne en transition \u00e0 la communaut\u00e9 \u00e9ducative.<\/p>\n\n\n\n<p><strong>Individualisation de subventions en environnement \u2013 Organismes environnementaux (n\u00b03)<\/strong><\/p>\n\n\n\n<p>Gr\u00e9gory VOUH\u00c9 a plaid\u00e9 contre l&rsquo;effondrement des subventions aux organismes environnementaux : depuis 2019, le soutien aux projets de la LPO a \u00e9t\u00e9 divis\u00e9 par 8 et demi, chutant \u00e0 2500\u20ac. Les subventions \u00e0 Vienne Nature ont aussi fondu comme neige au soleil. Retrouvez ci-dessous l\u2019intervention compl\u00e8te\u00a0:<\/p>\n\n\n\n<div class=\"wp-block-image\"><figure class=\"aligncenter size-full is-resized\"><img loading=\"lazy\" decoding=\"async\" src=\"https:\/\/www.vienne-en-transition.fr\/wp-content\/uploads\/2023\/10\/GV_CP-du-19-octobre-2023-Copie.jpg\" alt=\"\" class=\"wp-image-2384\" width=\"615\" height=\"599\" srcset=\"https:\/\/www.vienne-en-transition.fr\/wp-content\/uploads\/2023\/10\/GV_CP-du-19-octobre-2023-Copie.jpg 987w, https:\/\/www.vienne-en-transition.fr\/wp-content\/uploads\/2023\/10\/GV_CP-du-19-octobre-2023-Copie-300x292.jpg 300w, https:\/\/www.vienne-en-transition.fr\/wp-content\/uploads\/2023\/10\/GV_CP-du-19-octobre-2023-Copie-768x748.jpg 768w\" sizes=\"auto, (max-width: 615px) 100vw, 615px\" \/><\/figure><\/div>\n\n\n\n<p><strong>Voirie d\u00e9partementale \u2013 Indemnisations pour pertes d\u2019exploitations commerciales (n\u00b07)<\/strong><\/p>\n\n\n\n<p>Ludovic DEVERGNE a profit\u00e9 de cette d\u00e9lib\u00e9ration pour questionner M. Gilbert BEAUJANEAU, Vice-Pr\u00e9sident du Conseil d\u00e9partemental en charge des routes et mobilit\u00e9s, sur la r\u00e9ouverture du pont de Bonneuil-Matours\u00a0:\u00a0\u00ab\u00a0<em>Les travaux seront-ils termin\u00e9s en d\u00e9cembre 2023 comme cela \u00e9tait pr\u00e9vu\u00a0?<\/em>\u00a0\u00bb R\u00e9ponse\u00a0: Oui, l\u2019entreprise a confirm\u00e9 que les travaux seraient termin\u00e9s en fin d\u2019ann\u00e9e.<\/p>\n\n\n\n<p><strong>\u00ab&nbsp;Territoire z\u00e9ro ch\u00f4meur de longue dur\u00e9e&nbsp;\u00bb pr\u00e9sent\u00e9 par les communes de Dissay et Jaunay-Marigny (n\u00b024)<\/strong><\/p>\n\n\n\n<p>Ludovic DEVERGNE a salu\u00e9 ce dispositif et son efficacit\u00e9 et rapporte avoir entendu la promotion de cette exp\u00e9rimentation au niveau europ\u00e9en. Toutefois, il a souhait\u00e9 d\u00e9noncer \u2013 au nom du groupe Vienne en transition \u2013 le double discours de l\u2019\u00c9tat qui se vante de ce dispositif tout en baissant son financement.<\/p>\n\n\n\n<p><strong>Paris 2024 : Match de l&rsquo;\u00c9quipe de France f\u00e9minine de Basket-Ball \u00e0 l&rsquo;Arena Futuroscope (n\u00b030)<\/strong><\/p>\n\n\n\n<p>Florence HARRIS est intervenue pour rappeler \u00e0 la majorit\u00e9 d\u00e9partementale ses engagements sur l\u2019\u00e9galit\u00e9 femmes-hommes. Si les mots sont l\u00e0, il faut aussi des actes\u00a0: elle note que l\u2019\u00e9quipe nationale f\u00e9minine de basketball, pour un match de qualification \u00e0 l\u2019Euro, re\u00e7oit 25\u00a0000\u20ac l\u00e0 o\u00f9 l\u2019\u00e9quipe nationale masculine de volley-ball recevait 70\u00a0000\u20ac pour un match de gala. Elle a donc conclu en regrettant profond\u00e9ment cette in\u00e9galit\u00e9 et en soulignant le sous-investissement des pouvoirs publics pour le sport f\u00e9minin en g\u00e9n\u00e9ral.<\/p>\n\n\n\n<div class=\"wp-block-image\"><figure class=\"aligncenter size-large is-resized\"><img loading=\"lazy\" decoding=\"async\" src=\"https:\/\/www.vienne-en-transition.fr\/wp-content\/uploads\/2023\/10\/DSC22042-909x1024.jpg\" alt=\"\" class=\"wp-image-2383\" width=\"556\" height=\"626\" srcset=\"https:\/\/www.vienne-en-transition.fr\/wp-content\/uploads\/2023\/10\/DSC22042-909x1024.jpg 909w, https:\/\/www.vienne-en-transition.fr\/wp-content\/uploads\/2023\/10\/DSC22042-266x300.jpg 266w, https:\/\/www.vienne-en-transition.fr\/wp-content\/uploads\/2023\/10\/DSC22042-768x865.jpg 768w, https:\/\/www.vienne-en-transition.fr\/wp-content\/uploads\/2023\/10\/DSC22042-1363x1536.jpg 1363w, https:\/\/www.vienne-en-transition.fr\/wp-content\/uploads\/2023\/10\/DSC22042-1818x2048.jpg 1818w\" sizes=\"auto, (max-width: 556px) 100vw, 556px\" \/><figcaption>Florence Harris, sur le sous-financement du sport f\u00e9minin.<\/figcaption><\/figure><\/div>\n\n\n\n<p><strong>Dissolution et modalit\u00e9s de liquidation du Syndicat Mixte de l\u2019\u00c9cole Sup\u00e9rieure de Commerce de la Vienne (n\u00b046)<\/strong><\/p>\n\n\n\n<p>Ludovic DEVERGNE a interrog\u00e9 M. Claude EDELSTEIN, Vice-Pr\u00e9sident du Conseil d\u00e9partemental en charge des finances, sur le bilan financier de cette op\u00e9ration. R\u00e9ponse\u00a0: la mauvaise gestion des directeurs des \u00e9coles de commerce a co\u00fbt\u00e9 4,2M\u20ac au D\u00e9partement de la Vienne. Ludovic DEVERGNE, scandalis\u00e9, a ajout\u00e9\u00a0: \u00ab\u00a0<em>Voici un bel exemple de gaspillage d\u2019argent public. On entend g\u00e9n\u00e9ralement dire que le secteur public est un mauvais gestionnaire, mais voil\u00e0 ici un tr\u00e8s bel exemple d\u2019une gestion catastrophique du secteur priv\u00e9. C\u2019est le contribuable qui met la main \u00e0 la poche pour des erreurs de gestion du priv\u00e9.<\/em>\u00a0\u00bb<\/p>\n\n\n\n<div class=\"wp-block-image\"><figure class=\"aligncenter size-large is-resized\"><img loading=\"lazy\" decoding=\"async\" src=\"https:\/\/www.vienne-en-transition.fr\/wp-content\/uploads\/2023\/10\/DSC22102-1024x789.jpg\" alt=\"\" class=\"wp-image-2382\" width=\"631\" height=\"486\" srcset=\"https:\/\/www.vienne-en-transition.fr\/wp-content\/uploads\/2023\/10\/DSC22102-1024x789.jpg 1024w, https:\/\/www.vienne-en-transition.fr\/wp-content\/uploads\/2023\/10\/DSC22102-300x231.jpg 300w, https:\/\/www.vienne-en-transition.fr\/wp-content\/uploads\/2023\/10\/DSC22102-768x592.jpg 768w, https:\/\/www.vienne-en-transition.fr\/wp-content\/uploads\/2023\/10\/DSC22102-1536x1183.jpg 1536w, https:\/\/www.vienne-en-transition.fr\/wp-content\/uploads\/2023\/10\/DSC22102-2048x1577.jpg 2048w\" sizes=\"auto, (max-width: 631px) 100vw, 631px\" \/><figcaption>Ludovic Devergne, sur la gestion catastrophique du Syndicat Mixte de l&rsquo;\u00c9cole Sup\u00e9rieure de Commerce de la Vienne.<\/figcaption><\/figure><\/div>\n\n\n\n<p><strong>Rapport annuel 2022 de la SAEML Patrimoniale dont le D\u00e9partement de la Vienne est actionnaire : Articles L.1524-5 et D.1524-7 du Code G\u00e9n\u00e9ral des Collectivit\u00e9s Territoriales (n\u00b047)<\/strong><\/p>\n\n\n\n<p>Ludovic DEVERGNE a salu\u00e9 la pr\u00e9sentation de ce rapport tout en rappelant sa d\u00e9ception du choix fait par la majorit\u00e9 d\u00e9partementale que l\u2019opposition n\u2019y si\u00e8ge pas, ce que la courtoisie r\u00e9publicaine a pourtant coutume de proposer.<\/p>\n","protected":false},"excerpt":{"rendered":"<p>La s\u00e9ance du 19 octobre s\u2019est d\u00e9roul\u00e9e dans son lieu habituel, la salle Ren\u00e9 Monory, \u00e0 l\u2019h\u00f4tel du D\u00e9partement. Lors [&hellip;]<\/p>\n","protected":false},"author":1,"featured_media":0,"comment_status":"open","ping_status":"open","sticky":false,"template":"","format":"standard","meta":{"site-sidebar-layout":"default","site-content-layout":"","ast-site-content-layout":"","site-content-style":"default","site-sidebar-style":"default","ast-global-header-display":"","ast-banner-title-visibility":"","ast-main-header-display":"","ast-hfb-above-header-display":"","ast-hfb-below-header-display":"","ast-hfb-mobile-header-display":"","site-post-title":"","ast-breadcrumbs-content":"","ast-featured-img":"","footer-sml-layout":"","theme-transparent-header-meta":"","adv-header-id-meta":"","stick-header-meta":"","header-above-stick-meta":"","header-main-stick-meta":"","header-below-stick-meta":"","astra-migrate-meta-layouts":"default","ast-page-background-enabled":"default","ast-page-background-meta":{"desktop":{"background-color":"var(--ast-global-color-5)","background-image":"","background-repeat":"repeat","background-position":"center center","background-size":"auto","background-attachment":"scroll","background-type":"","background-media":"","overlay-type":"","overlay-color":"","overlay-opacity":"","overlay-gradient":""},"tablet":{"background-color":"","background-image":"","background-repeat":"repeat","background-position":"center center","background-size":"auto","background-attachment":"scroll","background-type":"","background-media":"","overlay-type":"","overlay-color":"","overlay-opacity":"","overlay-gradient":""},"mobile":{"background-color":"","background-image":"","background-repeat":"repeat","background-position":"center center","background-size":"auto","background-attachment":"scroll","background-type":"","background-media":"","overlay-type":"","overlay-color":"","overlay-opacity":"","overlay-gradient":""}},"ast-content-background-meta":{"desktop":{"background-color":"var(--ast-global-color-4)","background-image":"","background-repeat":"repeat","background-position":"center center","background-size":"auto","background-attachment":"scroll","background-type":"","background-media":"","overlay-type":"","overlay-color":"","overlay-opacity":"","overlay-gradient":""},"tablet":{"background-color":"var(--ast-global-color-4)","background-image":"","background-repeat":"repeat","background-position":"center center","background-size":"auto","background-attachment":"scroll","background-type":"","background-media":"","overlay-type":"","overlay-color":"","overlay-opacity":"","overlay-gradient":""},"mobile":{"background-color":"var(--ast-global-color-4)","background-image":"","background-repeat":"repeat","background-position":"center center","background-size":"auto","background-attachment":"scroll","background-type":"","background-media":"","overlay-type":"","overlay-color":"","overlay-opacity":"","overlay-gradient":""}},"footnotes":""},"categories":[40],"tags":[44,39],"class_list":["post-2381","post","type-post","status-publish","format-standard","hentry","category-nos-interventions","tag-44","tag-seance"],"_links":{"self":[{"href":"https:\/\/www.vienne-en-transition.fr\/index.php\/wp-json\/wp\/v2\/posts\/2381","targetHints":{"allow":["GET"]}}],"collection":[{"href":"https:\/\/www.vienne-en-transition.fr\/index.php\/wp-json\/wp\/v2\/posts"}],"about":[{"href":"https:\/\/www.vienne-en-transition.fr\/index.php\/wp-json\/wp\/v2\/types\/post"}],"author":[{"embeddable":true,"href":"https:\/\/www.vienne-en-transition.fr\/index.php\/wp-json\/wp\/v2\/users\/1"}],"replies":[{"embeddable":true,"href":"https:\/\/www.vienne-en-transition.fr\/index.php\/wp-json\/wp\/v2\/comments?post=2381"}],"version-history":[{"count":1,"href":"https:\/\/www.vienne-en-transition.fr\/index.php\/wp-json\/wp\/v2\/posts\/2381\/revisions"}],"predecessor-version":[{"id":2386,"href":"https:\/\/www.vienne-en-transition.fr\/index.php\/wp-json\/wp\/v2\/posts\/2381\/revisions\/2386"}],"wp:attachment":[{"href":"https:\/\/www.vienne-en-transition.fr\/index.php\/wp-json\/wp\/v2\/media?parent=2381"}],"wp:term":[{"taxonomy":"category","embeddable":true,"href":"https:\/\/www.vienne-en-transition.fr\/index.php\/wp-json\/wp\/v2\/categories?post=2381"},{"taxonomy":"post_tag","embeddable":true,"href":"https:\/\/www.vienne-en-transition.fr\/index.php\/wp-json\/wp\/v2\/tags?post=2381"}],"curies":[{"name":"wp","href":"https:\/\/api.w.org\/{rel}","templated":true}]}}