{"id":2292,"date":"2023-03-10T15:17:55","date_gmt":"2023-03-10T14:17:55","guid":{"rendered":"https:\/\/www.vienne-en-transition.fr\/?p=2292"},"modified":"2023-03-10T15:20:39","modified_gmt":"2023-03-10T14:20:39","slug":"compte-rendu-de-la-seance-de-reunion-du-conseil-departemental-et-commission-permanente-du-9-mars-2023","status":"publish","type":"post","link":"https:\/\/www.vienne-en-transition.fr\/index.php\/2023\/03\/10\/compte-rendu-de-la-seance-de-reunion-du-conseil-departemental-et-commission-permanente-du-9-mars-2023\/","title":{"rendered":"Compte-rendu de la s\u00e9ance de R\u00e9union du Conseil d\u00e9partemental et Commission permanente du 9 mars 2023"},"content":{"rendered":"\n<p>La s\u00e9ance du 9 mars s\u2019est d\u00e9roul\u00e9e dans son lieu habituel, la salle Ren\u00e9 Monory, \u00e0 l\u2019h\u00f4tel du D\u00e9partement.<\/p>\n\n\n\n<div class=\"wp-block-image\"><figure class=\"aligncenter size-large is-resized\"><img loading=\"lazy\" decoding=\"async\" src=\"https:\/\/www.vienne-en-transition.fr\/wp-content\/uploads\/2023\/03\/DSC1731_2-1024x683.jpg\" alt=\"\" class=\"wp-image-2296\" width=\"599\" height=\"399\" srcset=\"https:\/\/www.vienne-en-transition.fr\/wp-content\/uploads\/2023\/03\/DSC1731_2-1024x683.jpg 1024w, https:\/\/www.vienne-en-transition.fr\/wp-content\/uploads\/2023\/03\/DSC1731_2-300x200.jpg 300w, https:\/\/www.vienne-en-transition.fr\/wp-content\/uploads\/2023\/03\/DSC1731_2-768x512.jpg 768w, https:\/\/www.vienne-en-transition.fr\/wp-content\/uploads\/2023\/03\/DSC1731_2-1536x1024.jpg 1536w, https:\/\/www.vienne-en-transition.fr\/wp-content\/uploads\/2023\/03\/DSC1731_2-2048x1365.jpg 2048w\" sizes=\"auto, (max-width: 599px) 100vw, 599px\" \/><figcaption><em>Les \u00e9lu\u00b7e\u00b7s de La Vienne en transition, en s\u00e9ance.<\/em><\/figcaption><\/figure><\/div>\n\n\n\n<p>Lors de cette s\u00e9ance, les \u00e9lu\u00b7e\u00b7s La Vienne en transition sont notamment intervenu\u00b7e\u00b7s sur les rapports&nbsp;suivants :<\/p>\n\n\n\n<!--more-->\n\n\n\n<p><strong>AVANT-PROPOS<\/strong><\/p>\n\n\n\n<p><strong>Centrale nucl\u00e9aire de Civaux<\/strong><\/p>\n\n\n\n<p>Pr\u00e9alablement \u00e0 la r\u00e9union du Conseil d\u00e9partemental, M. Christophe RIEU, Directeur de la centrale nucl\u00e9aire de Civaux a expos\u00e9 le fonctionnement de la centrale, ses r\u00e9cents dysfonctionnements et ses engagements en mati\u00e8re de d\u00e9veloppement durable. Ludovic DEVERGNE est intervenu pour mentionner l\u2019actualit\u00e9 du probl\u00e8me de corrosion sous contrainte \u00e0 la centrale de Penly. Florence HARRIS est ensuite intervenue pour rappeler la gr\u00e8ve men\u00e9e par les femmes de m\u00e9nage de la centrale depuis le 10 janvier&nbsp;: en contrat avec le groupe Elior, elles contestent des conditions de travail qui se d\u00e9gradent et une r\u00e9mun\u00e9ration trop faible.<\/p>\n\n\n\n<p><strong>Violences faites aux femmes<\/strong><strong><\/strong><\/p>\n\n\n\n<p>Une minute de silence a \u00e9t\u00e9 observ\u00e9e suite au f\u00e9minicide du 6 mars dernier \u00e0 Poitiers. Ludovic DEVERGNE, au nom du groupe Vienne en transition, a rappel\u00e9 qu\u2019il n\u2019y a pas de petites violences. La prise en charge des victimes est parfois \u00e0 revoir&nbsp;: il est d\u00e9solant de voir que certaines plaintes ne sont pas prises en compte ou report\u00e9es \u00e0 plus tard. Il conclut&nbsp;: \u00ab&nbsp;<em>Nous nous associons tout \u00e0 fait aux actions men\u00e9es par le D\u00e9partement contre les violences faites aux femmes. Nous sommes d\u2019accord pour participer \u00e0 la r\u00e9daction d\u2019un v\u0153u ou d\u2019une motion si cela aboutit \u00e0 des \u00e9l\u00e9ments concrets dans les actions que nous pouvons mener \u00e0 l\u2019avenir.<\/em>&nbsp;\u00bb<\/p>\n\n\n\n<p><strong>Centre communal d\u2019action sociale<\/strong><\/p>\n\n\n\n<p>Plusieurs \u00e9changes ont eu lieu sur l\u2019actualit\u00e9 du Centre Communal d\u2019Action Social de Poitiers\u00a0: la fermeture de la cr\u00e8che familiale et d\u2019une r\u00e9sidence autonomie. La majorit\u00e9 d\u00e9partementale s\u2019est d\u00e9fendue d\u2019un d\u00e9sengagement et d\u2019un sous-financement\u00a0: au contraire, les financements sont \u00e0 la hausse. Ludovic DEVERGNE, sans remettre en cause cette hausse de moyens, a rappel\u00e9\u00a0: \u00ab\u00a0<em>Vous augmentez les moyens, oui, mais lorsqu\u2019il y a autant de retard et que l\u2019on part d\u2019aussi loin, ce n\u2019est pas suffisant. Il faut acc\u00e9l\u00e9rer cette augmentation. Concernant, le point Groupe Iso-Ressources (GIR), on part l\u00e0 aussi de tr\u00e8s loin\u00a0: la valeur du point du D\u00e9partement de la Vienne est class\u00e9e avant-derni\u00e8re au niveau national.<\/em> \u00bb De nombreux maires de la Vienne, comme celui de Buxerolles par exemple, font \u00e9galement le constat d\u2019une aide insuffisante du D\u00e9partement aux CCAS.<\/p>\n\n\n\n<div class=\"wp-block-image\"><figure class=\"aligncenter size-large is-resized\"><img loading=\"lazy\" decoding=\"async\" src=\"https:\/\/www.vienne-en-transition.fr\/wp-content\/uploads\/2023\/03\/DSC1716-1024x683.jpg\" alt=\"\" class=\"wp-image-2298\" width=\"625\" height=\"416\" srcset=\"https:\/\/www.vienne-en-transition.fr\/wp-content\/uploads\/2023\/03\/DSC1716-1024x683.jpg 1024w, https:\/\/www.vienne-en-transition.fr\/wp-content\/uploads\/2023\/03\/DSC1716-300x200.jpg 300w, https:\/\/www.vienne-en-transition.fr\/wp-content\/uploads\/2023\/03\/DSC1716-768x512.jpg 768w, https:\/\/www.vienne-en-transition.fr\/wp-content\/uploads\/2023\/03\/DSC1716-1536x1024.jpg 1536w, https:\/\/www.vienne-en-transition.fr\/wp-content\/uploads\/2023\/03\/DSC1716-2048x1365.jpg 2048w\" sizes=\"auto, (max-width: 625px) 100vw, 625px\" \/><figcaption>Ludovic DEVERGNE, sur la n\u00e9cessit\u00e9 d&rsquo;intensifier le soutien du D\u00e9partement aux Centres Communaux d&rsquo;Action Sociale (CCAS) de la Vienne<em>.<\/em><\/figcaption><\/figure><\/div>\n\n\n\n<p><strong>D\u00e9sengagement de l\u2019\u00c9tat<\/strong><\/p>\n\n\n\n<p>Le Pr\u00e9sident du D\u00e9partement est intervenu sur la prime S\u00e9gur&nbsp;: il a d\u00e9plor\u00e9 le d\u00e9sengagement de l\u2019\u00c9tat et ses cons\u00e9quences lourdes sur les finances d\u00e9partementales. Florence HARRIS est alors intervenue au sujet de l\u2019Association Pour Adultes et Jeunes Handicap\u00e9s de la Vienne (APAJH 86) dont le versement de la prime S\u00e9gur est menac\u00e9&nbsp;: \u00ab&nbsp;<em>Le D\u00e9partement, \u00e0 travers les contrats pluriannuels d\u2019objectifs et de moyens (CPOM), s\u2019engage-t-il \u00e0 prendre en charge le versement de la prime S\u00e9gur en 2024&nbsp;?<\/em>&nbsp;\u00bb. Aucune r\u00e9ponse n\u2019a \u00e9t\u00e9 apport\u00e9e.<\/p>\n\n\n\n<p><strong>Travail de m\u00e9moire<\/strong><\/p>\n\n\n\n<p>Florence HARRIS a souhait\u00e9 mentionner le travail des anciens \u00e9l\u00e8ves de CM2 de l\u2019\u00e9cole Coligny Cornet sous la supervision de leur professeure, Mme Patricia Duchadeuil. Ils ont effectu\u00e9 un travail de m\u00e9moire remarquable sur la vie des Friedmann, \u00e9l\u00e8ves juifs de l\u2019\u00e9cole en 1940. Leur travail a \u00e9t\u00e9 r\u00e9compens\u00e9 par le prestigieux prix Corrin qui leur a \u00e9t\u00e9 d\u00e9cern\u00e9 le 2 f\u00e9vrier dernier. Le 19 mars prochain marquera le 80<sup>e<\/sup> anniversaire de l\u2019arrestation de Rachel Friedmann et sa famille et leur assassinat \u00e0 leur arriv\u00e9e \u00e0 Auschwitz&nbsp;: Florence HARRIS a exprim\u00e9 une pens\u00e9e pour toutes les personnes juives, tziganes, homosexuelles et r\u00e9sistantes qui ont \u00e9t\u00e9 d\u00e9port\u00e9es et victimes de la barbarie nazie.<\/p>\n\n\n\n<p><strong>R\u00c9UNION DU CONSEIL D\u00c9PARTEMENTAL<\/strong><\/p>\n\n\n\n<p><strong>Plan de sobri\u00e9t\u00e9 \u00e9nerg\u00e9tique (n\u00b01)<\/strong><\/p>\n\n\n\n<p>Ludovic DEVERGNE a salu\u00e9 la mise en place de ce plan malgr\u00e9 son aspect de compilation de mesures d\u00e9j\u00e0 en place ou \u00e0 venir. Cependant, il a regrett\u00e9 l\u2019absence d\u2019\u00e9ch\u00e9ancier&nbsp;: \u00ab&nbsp;<em>Le D\u00e9partement doit se mettre au travail sur la sobri\u00e9t\u00e9 \u00e9nerg\u00e9tique avec des \u00e9ch\u00e9ances pr\u00e9cises et des \u00e9valuations apr\u00e8s six mois puis apr\u00e8s un an, afin d\u2019\u00e9valuer l\u2019efficacit\u00e9 concr\u00e8te des mesures propos\u00e9es<\/em> \u00bb. Les \u00e9lu\u00b7e\u00b7s La Vienne en transition ont approuv\u00e9 ce plan.<\/p>\n\n\n\n<p><strong>Adoption du plan d&rsquo;action 2023-2024 faisant suite aux Etats G\u00e9n\u00e9raux du Handicap du 29 septembre 2022 (n\u00b02)<\/strong><\/p>\n\n\n\n<p>Ludovic DEVERGNE s\u2019est r\u00e9joui du consensus du D\u00e9partement et des associations repr\u00e9sentant les personnes en situation de handicap sur ce sujet. Il a d\u00e9clar\u00e9&nbsp;: \u00ab&nbsp;<em>Nous vous remercions de nous avoir associ\u00e9s \u00e0 cette d\u00e9marche. Cependant, en l\u2019\u00e9tat, nous n\u2019avons aucune connaissance pr\u00e9cise du budget et nous resterons vigilants sur le chiffrage des mesures. Nous avons une imp\u00e9rieuse obligation de r\u00e9ussir.<\/em>&nbsp;\u00bb Les \u00e9lu\u00b7e\u00b7s La Vienne en transition ont approuv\u00e9 ce plan.<\/p>\n\n\n\n<p><strong>Plan de Transition Num\u00e9rique 2023-2027 de l&rsquo;administration d\u00e9partementale (n\u00b04)<\/strong><\/p>\n\n\n\n<p>Florence HARRIS a questionn\u00e9 la majorit\u00e9 d\u00e9partementale sur la d\u00e9mat\u00e9rialisation des d\u00e9marches administratives. En effet, au vu de la non-ma\u00eetrise des outils num\u00e9riques par certain.e.s habitant.e.s de la Vienne (illectronisme), elle a souhait\u00e9 s\u2019assurer que les d\u00e9marches utilisant des dossiers papiers restaient possibles. La majorit\u00e9 d\u00e9partementale a r\u00e9pondu positivement. Les \u00e9lu\u00b7e\u00b7s La Vienne en transition ont approuv\u00e9 ce plan.<\/p>\n\n\n\n<p><strong>Ch\u00e2teau de Monts sur Guesnes : Approbation de la nouvelle grille tarifaire, r\u00e9vision du calendrier de versement de la subvention d&rsquo;investissement et mise en place de l&rsquo;op\u00e9ration \u00ab\u00a0La Vienne vous invite au Ch\u00e2teau de Monts sur Guesnes\u00a0\u00bb (n\u00b05)<\/strong><\/p>\n\n\n\n<p>Ludovic DEVERGNE s\u2019est \u00e9tonn\u00e9 de l\u2019augmentation du prix des billets pour visiter le Ch\u00e2teau de Monts-sur-Guesnes et de l\u2019acc\u00e9l\u00e9ration du versement de la subvention \u00e0 la soci\u00e9t\u00e9 ALIENOR pr\u00e9vue afin d\u2019\u00e9tudier des r\u00e9am\u00e9nagements. \u00c0 peine un an apr\u00e8s son ouverture, le Ch\u00e2teau doit-il d\u00e9j\u00e0 se r\u00e9inventer pour rester attractif&nbsp;? Aussi, l\u2019achat de mille billets par le D\u00e9partement peut \u00eatre per\u00e7u comme une subvention indirecte. En conclusion, Ludovic DEVERGNE s\u2019est interrog\u00e9 sur l\u2019\u00e9quilibre \u00e9conomique de la structure et les pr\u00e9visions de fr\u00e9quentation&nbsp;en rappelant que tout est financ\u00e9 par de l\u2019argent public. Les \u00e9lu\u00b7e\u00b7s La Vienne en transition ont vot\u00e9 contre ce projet de d\u00e9lib\u00e9ration.<\/p>\n\n\n\n<div class=\"wp-block-image\"><figure class=\"aligncenter size-large is-resized\"><img loading=\"lazy\" decoding=\"async\" src=\"https:\/\/www.vienne-en-transition.fr\/wp-content\/uploads\/2023\/03\/DSC1765_3-1024x683.jpg\" alt=\"\" class=\"wp-image-2297\" width=\"601\" height=\"400\" srcset=\"https:\/\/www.vienne-en-transition.fr\/wp-content\/uploads\/2023\/03\/DSC1765_3-1024x683.jpg 1024w, https:\/\/www.vienne-en-transition.fr\/wp-content\/uploads\/2023\/03\/DSC1765_3-300x200.jpg 300w, https:\/\/www.vienne-en-transition.fr\/wp-content\/uploads\/2023\/03\/DSC1765_3-768x512.jpg 768w, https:\/\/www.vienne-en-transition.fr\/wp-content\/uploads\/2023\/03\/DSC1765_3-1536x1024.jpg 1536w, https:\/\/www.vienne-en-transition.fr\/wp-content\/uploads\/2023\/03\/DSC1765_3-2048x1365.jpg 2048w\" sizes=\"auto, (max-width: 601px) 100vw, 601px\" \/><figcaption><em>Les \u00e9lu\u00b7e\u00b7s de La Vienne en transition, <\/em>inquiets de l&rsquo;\u00e9quilibre \u00e9conomique de la structure et de la somme d&rsquo;argent public mobilis\u00e9e, ont vot\u00e9 contre cette d\u00e9lib\u00e9ration.<\/figcaption><\/figure><\/div>\n\n\n\n<p><strong>COMMISSION PERMANENTE<\/strong><\/p>\n\n\n\n<p><strong>Avis sur les \u00e9tudes Hydrologie, Milieux, Usages, Climat du SAGE Clain et du SAGE Creuse (n\u00b04)<\/strong><\/p>\n\n\n\n<p>La majorit\u00e9 d\u00e9partementale a souhait\u00e9, dans la pr\u00e9cipitation, \u00e9mettre un avis d\u00e9favorable \u00e0 l\u2019\u00e9tude Hydrologie, Milieux, Usages, Climat (HMUC) du SAGE Clain et du SAGE Creuse sous pr\u00e9texte d\u2019une pr\u00e9tendue absence de concertation avec les acteurs de territoire et l\u2019absence d\u2019une r\u00e9elle \u00e9tude d\u2019impact socio-\u00e9conomique. Gr\u00e9gory VOUH\u00c9 est intervenu pour rappeler la pertinence d\u2019un travail scientifique fait dans la concertation et dont l\u2019incertitude des sc\u00e9narios pr\u00e9sent\u00e9s est tout \u00e0 fait normale. Il conclut&nbsp;: \u00ab&nbsp;<em>il s&rsquo;agit incontestablement d&rsquo;un avis \u00ab\u00a0\u00e0 charge\u00a0\u00bb qui fait l&rsquo;impasse sur tout le progr\u00e8s apport\u00e9 par cette \u00e9tude et toute la connaissance in\u00e9dite obtenue. On ne s&rsquo;y prendrait pas autrement pour jeter le discr\u00e9dit sur une \u00e9tude sans m\u00eame en attendre les r\u00e9sultats. Et pour quoi faire, sinon pr\u00e9parer le terrain pour venir nous dire demain que l&rsquo;on conteste les r\u00e9sultats et qu&rsquo;on n&rsquo;en tiendra pas compte. Nous sommes absolument contre cet avis, contre ce proc\u00e9d\u00e9.<\/em> \u00bb Florence HARRIS a compl\u00e9t\u00e9 ces propos en rappelant l\u2019urgence d\u2019un partage de l\u2019eau \u00e0 partir de l\u2019\u00e9tat de la ressource, en priorisant l\u2019eau potable et les milieux. Elle a rappel\u00e9 la n\u00e9cessit\u00e9 de l\u2019\u00e9laboration d\u2019un v\u00e9ritable projet de territoire pour la gestion de l\u2019eau (PTGE)&nbsp;: \u00ab&nbsp;<em>il est encore temps de se remettre au service de l\u2019int\u00e9r\u00eat g\u00e9n\u00e9ral<\/em>&nbsp;\u00bb. Les \u00e9lu\u00b7e\u00b7s La Vienne en transition ont vot\u00e9 contre ce projet de d\u00e9lib\u00e9ration.<\/p>\n\n\n\n<p>L&rsquo;intervention compl\u00e8te des \u00e9lu\u00b7e\u00b7s La Vienne en transition sur cet avis est disponible ci-dessous :<\/p>\n\n\n\n<div data-wp-interactive=\"core\/file\" class=\"wp-block-file\"><object data-wp-bind--hidden=\"!state.hasPdfPreview\" hidden class=\"wp-block-file__embed\" data=\"https:\/\/www.vienne-en-transition.fr\/wp-content\/uploads\/2023\/03\/HMUC_VET_032023.pdf\" type=\"application\/pdf\" style=\"width:100%;height:800px\" aria-label=\"Contenu embarqu\u00e9 PDF embarqu\u00e9.\"><\/object><\/div>\n","protected":false},"excerpt":{"rendered":"<p>La s\u00e9ance du 9 mars s\u2019est d\u00e9roul\u00e9e dans son lieu habituel, la salle Ren\u00e9 Monory, \u00e0 l\u2019h\u00f4tel du D\u00e9partement. Lors [&hellip;]<\/p>\n","protected":false},"author":1,"featured_media":0,"comment_status":"open","ping_status":"open","sticky":false,"template":"","format":"standard","meta":{"site-sidebar-layout":"default","site-content-layout":"","ast-site-content-layout":"","site-content-style":"default","site-sidebar-style":"default","ast-global-header-display":"","ast-banner-title-visibility":"","ast-main-header-display":"","ast-hfb-above-header-display":"","ast-hfb-below-header-display":"","ast-hfb-mobile-header-display":"","site-post-title":"","ast-breadcrumbs-content":"","ast-featured-img":"","footer-sml-layout":"","theme-transparent-header-meta":"","adv-header-id-meta":"","stick-header-meta":"","header-above-stick-meta":"","header-main-stick-meta":"","header-below-stick-meta":"","astra-migrate-meta-layouts":"default","ast-page-background-enabled":"default","ast-page-background-meta":{"desktop":{"background-color":"var(--ast-global-color-5)","background-image":"","background-repeat":"repeat","background-position":"center center","background-size":"auto","background-attachment":"scroll","background-type":"","background-media":"","overlay-type":"","overlay-color":"","overlay-opacity":"","overlay-gradient":""},"tablet":{"background-color":"","background-image":"","background-repeat":"repeat","background-position":"center center","background-size":"auto","background-attachment":"scroll","background-type":"","background-media":"","overlay-type":"","overlay-color":"","overlay-opacity":"","overlay-gradient":""},"mobile":{"background-color":"","background-image":"","background-repeat":"repeat","background-position":"center center","background-size":"auto","background-attachment":"scroll","background-type":"","background-media":"","overlay-type":"","overlay-color":"","overlay-opacity":"","overlay-gradient":""}},"ast-content-background-meta":{"desktop":{"background-color":"var(--ast-global-color-4)","background-image":"","background-repeat":"repeat","background-position":"center center","background-size":"auto","background-attachment":"scroll","background-type":"","background-media":"","overlay-type":"","overlay-color":"","overlay-opacity":"","overlay-gradient":""},"tablet":{"background-color":"var(--ast-global-color-4)","background-image":"","background-repeat":"repeat","background-position":"center center","background-size":"auto","background-attachment":"scroll","background-type":"","background-media":"","overlay-type":"","overlay-color":"","overlay-opacity":"","overlay-gradient":""},"mobile":{"background-color":"var(--ast-global-color-4)","background-image":"","background-repeat":"repeat","background-position":"center center","background-size":"auto","background-attachment":"scroll","background-type":"","background-media":"","overlay-type":"","overlay-color":"","overlay-opacity":"","overlay-gradient":""}},"footnotes":""},"categories":[40],"tags":[44,39],"class_list":["post-2292","post","type-post","status-publish","format-standard","hentry","category-nos-interventions","tag-44","tag-seance"],"_links":{"self":[{"href":"https:\/\/www.vienne-en-transition.fr\/index.php\/wp-json\/wp\/v2\/posts\/2292","targetHints":{"allow":["GET"]}}],"collection":[{"href":"https:\/\/www.vienne-en-transition.fr\/index.php\/wp-json\/wp\/v2\/posts"}],"about":[{"href":"https:\/\/www.vienne-en-transition.fr\/index.php\/wp-json\/wp\/v2\/types\/post"}],"author":[{"embeddable":true,"href":"https:\/\/www.vienne-en-transition.fr\/index.php\/wp-json\/wp\/v2\/users\/1"}],"replies":[{"embeddable":true,"href":"https:\/\/www.vienne-en-transition.fr\/index.php\/wp-json\/wp\/v2\/comments?post=2292"}],"version-history":[{"count":5,"href":"https:\/\/www.vienne-en-transition.fr\/index.php\/wp-json\/wp\/v2\/posts\/2292\/revisions"}],"predecessor-version":[{"id":2305,"href":"https:\/\/www.vienne-en-transition.fr\/index.php\/wp-json\/wp\/v2\/posts\/2292\/revisions\/2305"}],"wp:attachment":[{"href":"https:\/\/www.vienne-en-transition.fr\/index.php\/wp-json\/wp\/v2\/media?parent=2292"}],"wp:term":[{"taxonomy":"category","embeddable":true,"href":"https:\/\/www.vienne-en-transition.fr\/index.php\/wp-json\/wp\/v2\/categories?post=2292"},{"taxonomy":"post_tag","embeddable":true,"href":"https:\/\/www.vienne-en-transition.fr\/index.php\/wp-json\/wp\/v2\/tags?post=2292"}],"curies":[{"name":"wp","href":"https:\/\/api.w.org\/{rel}","templated":true}]}}